{"id":11584,"date":"2022-05-26T08:47:59","date_gmt":"2022-05-26T08:47:59","guid":{"rendered":"https:\/\/www.coren.es\/endesa-e-coren-asinan-un-contrato-de-subministracion-electrica-a-prezos-estables-durante-5-anos-e-colaboraran-para-impulsar-proxectos-de-desenvolvemento-sostible\/"},"modified":"2022-11-15T08:54:58","modified_gmt":"2022-11-15T08:54:58","slug":"endesa-e-coren-asinan-un-contrato-de-subministracion-electrica-a-prezos-estables-durante-5-anos-e-colaboraran-para-impulsar-proxectos-de-desenvolvemento-sostible","status":"publish","type":"post","link":"https:\/\/www.coren.es\/gl\/endesa-e-coren-asinan-un-contrato-de-subministracion-electrica-a-prezos-estables-durante-5-anos-e-colaboraran-para-impulsar-proxectos-de-desenvolvemento-sostible\/","title":{"rendered":"ENDESA e COREN asinan un contrato de subministraci\u00f3n el\u00e9ctrica a prezos estables durante 5 anos e colaborar\u00e1n para impulsar proxectos de desenvolvemento sostible"},"content":{"rendered":"\n<p>Endesa e Coren asinaron un contrato de subministraci\u00f3n el\u00e9ctrica a cinco anos de duraci\u00f3n que d\u00e1 estabilidade \u00e1 empresa galega na satisfacci\u00f3n das s\u00faas necesidades enerx\u00e9ticas a longo prazo e establece un cami\u00f1o para explorar conxuntamente o desenvolvemento de proxectos en materia de eficiencia enerx\u00e9tica e enerx\u00edas renovables nas s\u00faas explotaci\u00f3ns e industrias. O acordo, asinado na sede de Coren en Ourense polo presidente da cooperativa galega, Manuel G\u00f3mez-Franqueira, e o director de Clientes B2B de Endesa, Juan Jos\u00e9 Mu\u00f1oz, alcanza os 90 GWh e permitir\u00e1 a Coren ter un horizonte de estabilidade de prezos para o desenvolvemento. da s\u00faa actividade.<\/p>\n\n<p>O presidente de Coren, Manuel G\u00f3mez-Franqueira, destacou a relevancia deste acordo para a cooperativa no actual contexto de prezos e co obxectivo de consolidar, xunto coa experiencia de Endesa, a mellora dos procesos de eficiencia nas s\u00faas plantas agroalimentarias. \u201cPara Coren \u00e9 moi importante contar cun socio enerx\u00e9tico que nos dea seguridade e tranquilidade para desenvolver a nosa estratexia baseada no desenvolvemento sostible, dada a gran volatilidade dos mercados que se espera polo menos a medio prazo. As\u00ed mesmo, ax\u00fadanos a afrontar o contexto no que nos atopamos de aumento dos custos que sofre o noso sector, xa que ao repunte enerx\u00e9tico s\u00famase o das materias primas para a alimentaci\u00f3n animal\u201d, indicou.<\/p>\n\n<p>Pola s\u00faa banda, Juan Jos\u00e9 Mu\u00f1oz, director de Clientes B2B de Endesa, sinalou que \u201co acordo permite a Coren superar o complexo escenario actual dos mercados enerx\u00e9ticos e ter uns custos estables e competitivos que permitan consolidar os plans de negocio da compa\u00f1\u00eda para o futuro. Endesa, con forte arraigamento en Galicia, comprom\u00e9tese as\u00ed a apoiar ao sector primario galego, no marco com\u00fan do compromiso de ambas as empresas coa sustentabilidade\u201d.<\/p>\n\n<p><strong>Sobre Endesa <\/strong><\/p>\n\n<p>Endesa \u00e9 a primeira compa\u00f1\u00eda el\u00e9ctrica de Espa\u00f1a e a segunda de Portugal. Tam\u00e9n \u00e9 o segundo operador de gas do mercado espa\u00f1ol. Desenvolve un negocio integrado de xeraci\u00f3n, distribuci\u00f3n e comercializaci\u00f3n, e tam\u00e9n ofrece, a trav\u00e9s de Endesa X, servizos de valor engadido dirixidos \u00e1 electrificaci\u00f3n de usos enerx\u00e9ticos en fogares, empresas, industrias e Administraci\u00f3ns P\u00fablicas. Endesa aposta firmemente polos ODS das Naci\u00f3ns Unidas e, como tal, promove fortemente o desenvolvemento das enerx\u00edas renovables a trav\u00e9s de Enel Green Power Espa\u00f1a, a dixitalizaci\u00f3n das redes a trav\u00e9s da distribuci\u00f3n electr\u00f3nica e a Responsabilidade Social Corporativa. Neste \u00faltimo eido tam\u00e9n actuamos dende a Fundaci\u00f3n Endesa. O noso equipo humano suma uns 9.260 empregados. Endesa forma parte de Enel, o maior grupo el\u00e9ctrico de Europa.<\/p>\n\n<p><strong>Sobre Coren<\/strong><\/p>\n\n<p>Coren \u00e9 a principal cooperativa agroalimentaria c\u00e1rnica de Espa\u00f1a, cunha reco\u00f1ecida traxectoria de 60 anos nas \u00e1reas de aves, porcino e vac\u00fan, dedicada a ofrecer aos seus clientes alimentos frescos e de m\u00e1xima calidade. A cooperativa est\u00e1 formada por m\u00e1is de 7.000 familias -entre socios e traballadores- e conta cunha rede de 24 industrias propias situadas en Galicia, onde realiza toda a s\u00faa produci\u00f3n e industrializaci\u00f3n. A actividade de Coren bas\u00e9ase nos principios de calidade, trazabilidade e innovaci\u00f3n, as\u00ed como unha firme aposta pola produci\u00f3n baseada nos valores de benestar animal e respecto polo medio ambiente. Neste sentido, no \u00e1mbito enerx\u00e9tico impulsou proxectos pioneiros en sustentabilidade e econom\u00eda circular, como as s\u00faas plantas de Biomasa e Biog\u00e1s, e ten en marcha un plan de eficiencia enerx\u00e9tica para a instalaci\u00f3n de placas solares nas s\u00faas explotaci\u00f3ns e industrias.<\/p>\n","protected":false},"excerpt":{"rendered":"<p>Endesa e Coren asinaron un contrato de subministraci\u00f3n el\u00e9ctrica a cinco anos de duraci\u00f3n que d\u00e1 estabilidade \u00e1 empresa galega na satisfacci\u00f3n das s\u00faas necesidades [&hellip;]<\/p>\n","protected":false},"author":1,"featured_media":10811,"comment_status":"open","ping_status":"open","sticky":false,"template":"","format":"standard","meta":{"_acf_changed":false,"footnotes":""},"categories":[214],"tags":[],"class_list":["post-11584","post","type-post","status-publish","format-standard","has-post-thumbnail","hentry","category-noticias-gl"],"acf":[],"yoast_head":"<!-- This site is optimized with the Yoast SEO plugin v27.0 - https:\/\/yoast.com\/product\/yoast-seo-wordpress\/ -->\n<title>ENDESA e COREN asinan un contrato de subministraci\u00f3n el\u00e9ctrica a prezos estables durante 5 anos e colaborar\u00e1n para impulsar proxectos de desenvolvemento sostible - Coren<\/title>\n<meta name=\"robots\" content=\"index, follow, max-snippet:-1, max-image-preview:large, max-video-preview:-1\" \/>\n<link rel=\"canonical\" href=\"https:\/\/www.coren.es\/gl\/endesa-e-coren-asinan-un-contrato-de-subministracion-electrica-a-prezos-estables-durante-5-anos-e-colaboraran-para-impulsar-proxectos-de-desenvolvemento-sostible\/\" \/>\n<meta property=\"og:locale\" content=\"gl_ES\" \/>\n<meta property=\"og:type\" content=\"article\" \/>\n<meta property=\"og:title\" content=\"ENDESA e COREN asinan un contrato de subministraci\u00f3n el\u00e9ctrica a prezos estables durante 5 anos e colaborar\u00e1n para impulsar proxectos de desenvolvemento sostible - Coren\" \/>\n<meta property=\"og:description\" content=\"Endesa e Coren asinaron un contrato de subministraci\u00f3n el\u00e9ctrica a cinco anos de duraci\u00f3n que d\u00e1 estabilidade \u00e1 empresa galega na satisfacci\u00f3n das s\u00faas necesidades [&hellip;]\" \/>\n<meta property=\"og:url\" content=\"https:\/\/www.coren.es\/gl\/endesa-e-coren-asinan-un-contrato-de-subministracion-electrica-a-prezos-estables-durante-5-anos-e-colaboraran-para-impulsar-proxectos-de-desenvolvemento-sostible\/\" \/>\n<meta property=\"og:site_name\" content=\"Coren\" \/>\n<meta property=\"article:published_time\" content=\"2022-05-26T08:47:59+00:00\" \/>\n<meta property=\"article:modified_time\" content=\"2022-11-15T08:54:58+00:00\" \/>\n<meta property=\"og:image\" content=\"https:\/\/www.coren.es\/wp-content\/uploads\/2022\/05\/Coren-Endesa_1.jpg\" \/>\n\t<meta property=\"og:image:width\" content=\"1500\" \/>\n\t<meta property=\"og:image:height\" content=\"1000\" \/>\n\t<meta property=\"og:image:type\" content=\"image\/jpeg\" \/>\n<meta name=\"author\" content=\"Soporte\" \/>\n<meta name=\"twitter:card\" content=\"summary_large_image\" \/>\n<meta name=\"twitter:label1\" content=\"Escrito por\" \/>\n\t<meta name=\"twitter:data1\" content=\"Soporte\" \/>\n\t<meta name=\"twitter:label2\" content=\"Tempo de lectura\" \/>\n\t<meta name=\"twitter:data2\" content=\"3 minutos\" \/>\n<script type=\"application\/ld+json\" class=\"yoast-schema-graph\">{\"@context\":\"https:\/\/schema.org\",\"@graph\":[{\"@type\":\"Article\",\"@id\":\"https:\/\/www.coren.es\/gl\/endesa-e-coren-asinan-un-contrato-de-subministracion-electrica-a-prezos-estables-durante-5-anos-e-colaboraran-para-impulsar-proxectos-de-desenvolvemento-sostible\/#article\",\"isPartOf\":{\"@id\":\"https:\/\/www.coren.es\/gl\/endesa-e-coren-asinan-un-contrato-de-subministracion-electrica-a-prezos-estables-durante-5-anos-e-colaboraran-para-impulsar-proxectos-de-desenvolvemento-sostible\/\"},\"author\":{\"name\":\"Soporte\",\"@id\":\"https:\/\/www.coren.es\/gl\/#\/schema\/person\/2b227142856cee0b230bfa9950a7db66\"},\"headline\":\"ENDESA e COREN asinan un contrato de subministraci\u00f3n el\u00e9ctrica a prezos estables durante 5 anos e colaborar\u00e1n para impulsar proxectos de desenvolvemento sostible\",\"datePublished\":\"2022-05-26T08:47:59+00:00\",\"dateModified\":\"2022-11-15T08:54:58+00:00\",\"mainEntityOfPage\":{\"@id\":\"https:\/\/www.coren.es\/gl\/endesa-e-coren-asinan-un-contrato-de-subministracion-electrica-a-prezos-estables-durante-5-anos-e-colaboraran-para-impulsar-proxectos-de-desenvolvemento-sostible\/\"},\"wordCount\":637,\"commentCount\":0,\"publisher\":{\"@id\":\"https:\/\/www.coren.es\/gl\/#organization\"},\"image\":{\"@id\":\"https:\/\/www.coren.es\/gl\/endesa-e-coren-asinan-un-contrato-de-subministracion-electrica-a-prezos-estables-durante-5-anos-e-colaboraran-para-impulsar-proxectos-de-desenvolvemento-sostible\/#primaryimage\"},\"thumbnailUrl\":\"https:\/\/www.coren.es\/wp-content\/uploads\/2022\/05\/Coren-Endesa_1.jpg\",\"articleSection\":[\"Noticias\"],\"inLanguage\":\"gl-ES\",\"potentialAction\":[{\"@type\":\"CommentAction\",\"name\":\"Comment\",\"target\":[\"https:\/\/www.coren.es\/gl\/endesa-e-coren-asinan-un-contrato-de-subministracion-electrica-a-prezos-estables-durante-5-anos-e-colaboraran-para-impulsar-proxectos-de-desenvolvemento-sostible\/#respond\"]}]},{\"@type\":\"WebPage\",\"@id\":\"https:\/\/www.coren.es\/gl\/endesa-e-coren-asinan-un-contrato-de-subministracion-electrica-a-prezos-estables-durante-5-anos-e-colaboraran-para-impulsar-proxectos-de-desenvolvemento-sostible\/\",\"url\":\"https:\/\/www.coren.es\/gl\/endesa-e-coren-asinan-un-contrato-de-subministracion-electrica-a-prezos-estables-durante-5-anos-e-colaboraran-para-impulsar-proxectos-de-desenvolvemento-sostible\/\",\"name\":\"ENDESA e COREN asinan un contrato de subministraci\u00f3n el\u00e9ctrica a prezos estables durante 5 anos e colaborar\u00e1n para impulsar proxectos de desenvolvemento sostible - Coren\",\"isPartOf\":{\"@id\":\"https:\/\/www.coren.es\/gl\/#website\"},\"primaryImageOfPage\":{\"@id\":\"https:\/\/www.coren.es\/gl\/endesa-e-coren-asinan-un-contrato-de-subministracion-electrica-a-prezos-estables-durante-5-anos-e-colaboraran-para-impulsar-proxectos-de-desenvolvemento-sostible\/#primaryimage\"},\"image\":{\"@id\":\"https:\/\/www.coren.es\/gl\/endesa-e-coren-asinan-un-contrato-de-subministracion-electrica-a-prezos-estables-durante-5-anos-e-colaboraran-para-impulsar-proxectos-de-desenvolvemento-sostible\/#primaryimage\"},\"thumbnailUrl\":\"https:\/\/www.coren.es\/wp-content\/uploads\/2022\/05\/Coren-Endesa_1.jpg\",\"datePublished\":\"2022-05-26T08:47:59+00:00\",\"dateModified\":\"2022-11-15T08:54:58+00:00\",\"breadcrumb\":{\"@id\":\"https:\/\/www.coren.es\/gl\/endesa-e-coren-asinan-un-contrato-de-subministracion-electrica-a-prezos-estables-durante-5-anos-e-colaboraran-para-impulsar-proxectos-de-desenvolvemento-sostible\/#breadcrumb\"},\"inLanguage\":\"gl-ES\",\"potentialAction\":[{\"@type\":\"ReadAction\",\"target\":[\"https:\/\/www.coren.es\/gl\/endesa-e-coren-asinan-un-contrato-de-subministracion-electrica-a-prezos-estables-durante-5-anos-e-colaboraran-para-impulsar-proxectos-de-desenvolvemento-sostible\/\"]}]},{\"@type\":\"ImageObject\",\"inLanguage\":\"gl-ES\",\"@id\":\"https:\/\/www.coren.es\/gl\/endesa-e-coren-asinan-un-contrato-de-subministracion-electrica-a-prezos-estables-durante-5-anos-e-colaboraran-para-impulsar-proxectos-de-desenvolvemento-sostible\/#primaryimage\",\"url\":\"https:\/\/www.coren.es\/wp-content\/uploads\/2022\/05\/Coren-Endesa_1.jpg\",\"contentUrl\":\"https:\/\/www.coren.es\/wp-content\/uploads\/2022\/05\/Coren-Endesa_1.jpg\",\"width\":1500,\"height\":1000},{\"@type\":\"BreadcrumbList\",\"@id\":\"https:\/\/www.coren.es\/gl\/endesa-e-coren-asinan-un-contrato-de-subministracion-electrica-a-prezos-estables-durante-5-anos-e-colaboraran-para-impulsar-proxectos-de-desenvolvemento-sostible\/#breadcrumb\",\"itemListElement\":[{\"@type\":\"ListItem\",\"position\":1,\"name\":\"Portada\",\"item\":\"https:\/\/www.coren.es\/gl\/\"},{\"@type\":\"ListItem\",\"position\":2,\"name\":\"Noticias\",\"item\":\"https:\/\/www.coren.es\/gl\/comunicacion\/noticias-gl\/\"},{\"@type\":\"ListItem\",\"position\":3,\"name\":\"ENDESA e COREN asinan un contrato de subministraci\u00f3n el\u00e9ctrica a prezos estables durante 5 anos e colaborar\u00e1n para impulsar proxectos de desenvolvemento sostible\"}]},{\"@type\":\"WebSite\",\"@id\":\"https:\/\/www.coren.es\/gl\/#website\",\"url\":\"https:\/\/www.coren.es\/gl\/\",\"name\":\"Coren. Alimentos y carnes de Galicia\",\"description\":\"\",\"publisher\":{\"@id\":\"https:\/\/www.coren.es\/gl\/#organization\"},\"potentialAction\":[{\"@type\":\"SearchAction\",\"target\":{\"@type\":\"EntryPoint\",\"urlTemplate\":\"https:\/\/www.coren.es\/gl\/?s={search_term_string}\"},\"query-input\":{\"@type\":\"PropertyValueSpecification\",\"valueRequired\":true,\"valueName\":\"search_term_string\"}}],\"inLanguage\":\"gl-ES\"},{\"@type\":\"Organization\",\"@id\":\"https:\/\/www.coren.es\/gl\/#organization\",\"name\":\"Coren\",\"url\":\"https:\/\/www.coren.es\/gl\/\",\"logo\":{\"@type\":\"ImageObject\",\"inLanguage\":\"gl-ES\",\"@id\":\"https:\/\/www.coren.es\/gl\/#\/schema\/logo\/image\/\",\"url\":\"https:\/\/www.coren.es\/wp-content\/uploads\/2023\/03\/cropped-logo.png\",\"contentUrl\":\"https:\/\/www.coren.es\/wp-content\/uploads\/2023\/03\/cropped-logo.png\",\"width\":131,\"height\":85,\"caption\":\"Coren\"},\"image\":{\"@id\":\"https:\/\/www.coren.es\/gl\/#\/schema\/logo\/image\/\"}},{\"@type\":\"Person\",\"@id\":\"https:\/\/www.coren.es\/gl\/#\/schema\/person\/2b227142856cee0b230bfa9950a7db66\",\"name\":\"Soporte\",\"image\":{\"@type\":\"ImageObject\",\"inLanguage\":\"gl-ES\",\"@id\":\"https:\/\/www.coren.es\/gl\/#\/schema\/person\/image\/\",\"url\":\"https:\/\/secure.gravatar.com\/avatar\/7b5d1b919a0449cf018416a2c97470e41c61c32224a14ca2ec08531e321dcbcc?s=96&d=mm&r=g\",\"contentUrl\":\"https:\/\/secure.gravatar.com\/avatar\/7b5d1b919a0449cf018416a2c97470e41c61c32224a14ca2ec08531e321dcbcc?s=96&d=mm&r=g\",\"caption\":\"Soporte\"},\"sameAs\":[\"https:\/\/www.coren.es\"]}]}<\/script>\n<!-- \/ Yoast SEO plugin. -->","yoast_head_json":{"title":"ENDESA e COREN asinan un contrato de subministraci\u00f3n el\u00e9ctrica a prezos estables durante 5 anos e colaborar\u00e1n para impulsar proxectos de desenvolvemento sostible - Coren","robots":{"index":"index","follow":"follow","max-snippet":"max-snippet:-1","max-image-preview":"max-image-preview:large","max-video-preview":"max-video-preview:-1"},"canonical":"https:\/\/www.coren.es\/gl\/endesa-e-coren-asinan-un-contrato-de-subministracion-electrica-a-prezos-estables-durante-5-anos-e-colaboraran-para-impulsar-proxectos-de-desenvolvemento-sostible\/","og_locale":"gl_ES","og_type":"article","og_title":"ENDESA e COREN asinan un contrato de subministraci\u00f3n el\u00e9ctrica a prezos estables durante 5 anos e colaborar\u00e1n para impulsar proxectos de desenvolvemento sostible - Coren","og_description":"Endesa e Coren asinaron un contrato de subministraci\u00f3n el\u00e9ctrica a cinco anos de duraci\u00f3n que d\u00e1 estabilidade \u00e1 empresa galega na satisfacci\u00f3n das s\u00faas necesidades [&hellip;]","og_url":"https:\/\/www.coren.es\/gl\/endesa-e-coren-asinan-un-contrato-de-subministracion-electrica-a-prezos-estables-durante-5-anos-e-colaboraran-para-impulsar-proxectos-de-desenvolvemento-sostible\/","og_site_name":"Coren","article_published_time":"2022-05-26T08:47:59+00:00","article_modified_time":"2022-11-15T08:54:58+00:00","og_image":[{"width":1500,"height":1000,"url":"https:\/\/www.coren.es\/wp-content\/uploads\/2022\/05\/Coren-Endesa_1.jpg","type":"image\/jpeg"}],"author":"Soporte","twitter_card":"summary_large_image","twitter_misc":{"Escrito por":"Soporte","Tempo de lectura":"3 minutos"},"schema":{"@context":"https:\/\/schema.org","@graph":[{"@type":"Article","@id":"https:\/\/www.coren.es\/gl\/endesa-e-coren-asinan-un-contrato-de-subministracion-electrica-a-prezos-estables-durante-5-anos-e-colaboraran-para-impulsar-proxectos-de-desenvolvemento-sostible\/#article","isPartOf":{"@id":"https:\/\/www.coren.es\/gl\/endesa-e-coren-asinan-un-contrato-de-subministracion-electrica-a-prezos-estables-durante-5-anos-e-colaboraran-para-impulsar-proxectos-de-desenvolvemento-sostible\/"},"author":{"name":"Soporte","@id":"https:\/\/www.coren.es\/gl\/#\/schema\/person\/2b227142856cee0b230bfa9950a7db66"},"headline":"ENDESA e COREN asinan un contrato de subministraci\u00f3n el\u00e9ctrica a prezos estables durante 5 anos e colaborar\u00e1n para impulsar proxectos de desenvolvemento sostible","datePublished":"2022-05-26T08:47:59+00:00","dateModified":"2022-11-15T08:54:58+00:00","mainEntityOfPage":{"@id":"https:\/\/www.coren.es\/gl\/endesa-e-coren-asinan-un-contrato-de-subministracion-electrica-a-prezos-estables-durante-5-anos-e-colaboraran-para-impulsar-proxectos-de-desenvolvemento-sostible\/"},"wordCount":637,"commentCount":0,"publisher":{"@id":"https:\/\/www.coren.es\/gl\/#organization"},"image":{"@id":"https:\/\/www.coren.es\/gl\/endesa-e-coren-asinan-un-contrato-de-subministracion-electrica-a-prezos-estables-durante-5-anos-e-colaboraran-para-impulsar-proxectos-de-desenvolvemento-sostible\/#primaryimage"},"thumbnailUrl":"https:\/\/www.coren.es\/wp-content\/uploads\/2022\/05\/Coren-Endesa_1.jpg","articleSection":["Noticias"],"inLanguage":"gl-ES","potentialAction":[{"@type":"CommentAction","name":"Comment","target":["https:\/\/www.coren.es\/gl\/endesa-e-coren-asinan-un-contrato-de-subministracion-electrica-a-prezos-estables-durante-5-anos-e-colaboraran-para-impulsar-proxectos-de-desenvolvemento-sostible\/#respond"]}]},{"@type":"WebPage","@id":"https:\/\/www.coren.es\/gl\/endesa-e-coren-asinan-un-contrato-de-subministracion-electrica-a-prezos-estables-durante-5-anos-e-colaboraran-para-impulsar-proxectos-de-desenvolvemento-sostible\/","url":"https:\/\/www.coren.es\/gl\/endesa-e-coren-asinan-un-contrato-de-subministracion-electrica-a-prezos-estables-durante-5-anos-e-colaboraran-para-impulsar-proxectos-de-desenvolvemento-sostible\/","name":"ENDESA e COREN asinan un contrato de subministraci\u00f3n el\u00e9ctrica a prezos estables durante 5 anos e colaborar\u00e1n para impulsar proxectos de desenvolvemento sostible - Coren","isPartOf":{"@id":"https:\/\/www.coren.es\/gl\/#website"},"primaryImageOfPage":{"@id":"https:\/\/www.coren.es\/gl\/endesa-e-coren-asinan-un-contrato-de-subministracion-electrica-a-prezos-estables-durante-5-anos-e-colaboraran-para-impulsar-proxectos-de-desenvolvemento-sostible\/#primaryimage"},"image":{"@id":"https:\/\/www.coren.es\/gl\/endesa-e-coren-asinan-un-contrato-de-subministracion-electrica-a-prezos-estables-durante-5-anos-e-colaboraran-para-impulsar-proxectos-de-desenvolvemento-sostible\/#primaryimage"},"thumbnailUrl":"https:\/\/www.coren.es\/wp-content\/uploads\/2022\/05\/Coren-Endesa_1.jpg","datePublished":"2022-05-26T08:47:59+00:00","dateModified":"2022-11-15T08:54:58+00:00","breadcrumb":{"@id":"https:\/\/www.coren.es\/gl\/endesa-e-coren-asinan-un-contrato-de-subministracion-electrica-a-prezos-estables-durante-5-anos-e-colaboraran-para-impulsar-proxectos-de-desenvolvemento-sostible\/#breadcrumb"},"inLanguage":"gl-ES","potentialAction":[{"@type":"ReadAction","target":["https:\/\/www.coren.es\/gl\/endesa-e-coren-asinan-un-contrato-de-subministracion-electrica-a-prezos-estables-durante-5-anos-e-colaboraran-para-impulsar-proxectos-de-desenvolvemento-sostible\/"]}]},{"@type":"ImageObject","inLanguage":"gl-ES","@id":"https:\/\/www.coren.es\/gl\/endesa-e-coren-asinan-un-contrato-de-subministracion-electrica-a-prezos-estables-durante-5-anos-e-colaboraran-para-impulsar-proxectos-de-desenvolvemento-sostible\/#primaryimage","url":"https:\/\/www.coren.es\/wp-content\/uploads\/2022\/05\/Coren-Endesa_1.jpg","contentUrl":"https:\/\/www.coren.es\/wp-content\/uploads\/2022\/05\/Coren-Endesa_1.jpg","width":1500,"height":1000},{"@type":"BreadcrumbList","@id":"https:\/\/www.coren.es\/gl\/endesa-e-coren-asinan-un-contrato-de-subministracion-electrica-a-prezos-estables-durante-5-anos-e-colaboraran-para-impulsar-proxectos-de-desenvolvemento-sostible\/#breadcrumb","itemListElement":[{"@type":"ListItem","position":1,"name":"Portada","item":"https:\/\/www.coren.es\/gl\/"},{"@type":"ListItem","position":2,"name":"Noticias","item":"https:\/\/www.coren.es\/gl\/comunicacion\/noticias-gl\/"},{"@type":"ListItem","position":3,"name":"ENDESA e COREN asinan un contrato de subministraci\u00f3n el\u00e9ctrica a prezos estables durante 5 anos e colaborar\u00e1n para impulsar proxectos de desenvolvemento sostible"}]},{"@type":"WebSite","@id":"https:\/\/www.coren.es\/gl\/#website","url":"https:\/\/www.coren.es\/gl\/","name":"Coren. Alimentos y carnes de Galicia","description":"","publisher":{"@id":"https:\/\/www.coren.es\/gl\/#organization"},"potentialAction":[{"@type":"SearchAction","target":{"@type":"EntryPoint","urlTemplate":"https:\/\/www.coren.es\/gl\/?s={search_term_string}"},"query-input":{"@type":"PropertyValueSpecification","valueRequired":true,"valueName":"search_term_string"}}],"inLanguage":"gl-ES"},{"@type":"Organization","@id":"https:\/\/www.coren.es\/gl\/#organization","name":"Coren","url":"https:\/\/www.coren.es\/gl\/","logo":{"@type":"ImageObject","inLanguage":"gl-ES","@id":"https:\/\/www.coren.es\/gl\/#\/schema\/logo\/image\/","url":"https:\/\/www.coren.es\/wp-content\/uploads\/2023\/03\/cropped-logo.png","contentUrl":"https:\/\/www.coren.es\/wp-content\/uploads\/2023\/03\/cropped-logo.png","width":131,"height":85,"caption":"Coren"},"image":{"@id":"https:\/\/www.coren.es\/gl\/#\/schema\/logo\/image\/"}},{"@type":"Person","@id":"https:\/\/www.coren.es\/gl\/#\/schema\/person\/2b227142856cee0b230bfa9950a7db66","name":"Soporte","image":{"@type":"ImageObject","inLanguage":"gl-ES","@id":"https:\/\/www.coren.es\/gl\/#\/schema\/person\/image\/","url":"https:\/\/secure.gravatar.com\/avatar\/7b5d1b919a0449cf018416a2c97470e41c61c32224a14ca2ec08531e321dcbcc?s=96&d=mm&r=g","contentUrl":"https:\/\/secure.gravatar.com\/avatar\/7b5d1b919a0449cf018416a2c97470e41c61c32224a14ca2ec08531e321dcbcc?s=96&d=mm&r=g","caption":"Soporte"},"sameAs":["https:\/\/www.coren.es"]}]}},"_links":{"self":[{"href":"https:\/\/www.coren.es\/gl\/wp-json\/wp\/v2\/posts\/11584","targetHints":{"allow":["GET"]}}],"collection":[{"href":"https:\/\/www.coren.es\/gl\/wp-json\/wp\/v2\/posts"}],"about":[{"href":"https:\/\/www.coren.es\/gl\/wp-json\/wp\/v2\/types\/post"}],"author":[{"embeddable":true,"href":"https:\/\/www.coren.es\/gl\/wp-json\/wp\/v2\/users\/1"}],"replies":[{"embeddable":true,"href":"https:\/\/www.coren.es\/gl\/wp-json\/wp\/v2\/comments?post=11584"}],"version-history":[{"count":1,"href":"https:\/\/www.coren.es\/gl\/wp-json\/wp\/v2\/posts\/11584\/revisions"}],"predecessor-version":[{"id":11585,"href":"https:\/\/www.coren.es\/gl\/wp-json\/wp\/v2\/posts\/11584\/revisions\/11585"}],"wp:featuredmedia":[{"embeddable":true,"href":"https:\/\/www.coren.es\/gl\/wp-json\/wp\/v2\/media\/10811"}],"wp:attachment":[{"href":"https:\/\/www.coren.es\/gl\/wp-json\/wp\/v2\/media?parent=11584"}],"wp:term":[{"taxonomy":"category","embeddable":true,"href":"https:\/\/www.coren.es\/gl\/wp-json\/wp\/v2\/categories?post=11584"},{"taxonomy":"post_tag","embeddable":true,"href":"https:\/\/www.coren.es\/gl\/wp-json\/wp\/v2\/tags?post=11584"}],"curies":[{"name":"wp","href":"https:\/\/api.w.org\/{rel}","templated":true}]}}