{"id":11586,"date":"2022-05-22T08:51:25","date_gmt":"2022-05-22T08:51:25","guid":{"rendered":"https:\/\/www.coren.es\/coren-e-abanca-renovan-o-seu-compromiso-de-colaboracion-para-traballar-polo-desenvolvemento-do-sector-agroalimentario-galego\/"},"modified":"2022-11-15T08:54:47","modified_gmt":"2022-11-15T08:54:47","slug":"coren-e-abanca-renovan-o-seu-compromiso-de-colaboracion-para-traballar-polo-desenvolvemento-do-sector-agroalimentario-galego","status":"publish","type":"post","link":"https:\/\/www.coren.es\/gl\/coren-e-abanca-renovan-o-seu-compromiso-de-colaboracion-para-traballar-polo-desenvolvemento-do-sector-agroalimentario-galego\/","title":{"rendered":"Coren e ABANCA renovan o seu compromiso de colaboraci\u00f3n para traballar polo desenvolvemento do sector agroalimentario galego"},"content":{"rendered":"\n<p>O conselleiro delegado de ABANCA, <strong>Francisco Botas<\/strong>, visitou hoxe as instalaci\u00f3ns do Grupo Coren en Santa Cruz de Arrabaldo, onde se atopa a sede da sede da cooperativa e o seu Centro de Procesado Av\u00edcola. Al\u00ed foi recibido polo presidente de Coren, <strong>Manuel G\u00f3mez-Franqueira \u00c1lvarez<\/strong>; acompa\u00f1ados da vicepresidenta da cooperativa, <strong>Mar\u00eda G\u00f3mez-Franqueira Otero<\/strong>, e do director xeral, <strong>Emilio Rial<\/strong>.<\/p>\n\n<p>A visita desenvolveuse no marco da colaboraci\u00f3n institucional entre ambas as entidades, que renovaron as\u00ed o seu compromiso com\u00fan de seguir traballando polo desenvolvemento do sector agroalimentario galego.<\/p>\n\n<p>No encontro, o conselleiro delegado de ABANCA puido co\u00f1ecer de primeira man a actividade que desenvolve Coren, a principal cooperativa agroalimentaria c\u00e1rnica de Espa\u00f1a, integrada por m\u00e1is de 7.000 familias entre socios e traballadores. Ademais, os responsables de ambas as entidades analizaron a situaci\u00f3n do sector agroalimentario galego e os retos no contexto socioecon\u00f3mico actual. Neste sentido, o presidente de Coren, Manuel G\u00f3mez-Franqueira, agradeceu a ABANCA a s\u00faa colaboraci\u00f3n permanente coa cooperativa, \u00e1 que considera un &#8220;socio estrat\u00e9xico&#8221; polo apoio continuo que presta aos proxectos que acomete o Grupo.<\/p>\n\n<p>Pola s\u00faa banda, o conselleiro delegado de ABANCA amosou \u201co compromiso do banco coa econom\u00eda galega e especialmente co sector primario como motor de desenvolvemento do rural\u201d. Neste sentido, destacou &#8220;a posici\u00f3n de liderado de Coren como un dos referentes no tecido econ\u00f3mico da comunidade&#8221; e reiterou &#8220;o seu apoio aos proxectos de crecemento do grupo&#8221;.<\/p>\n\n<p><strong><sub>(*) Ach\u00e9gase fotograf\u00eda da visita na que aparecen (de esquerda a dereita): Mar\u00eda G\u00f3mez-Franqueira, vicepresidenta de Coren; Francisco Botas, conselleiro delegado de ABANCA, Manuel G\u00f3mez-Franqueira, presidente do Grupo Coren; e Emilio Rial, CEO de Coren.<\/sub><\/strong><\/p>\n","protected":false},"excerpt":{"rendered":"<p>O conselleiro delegado de ABANCA, Francisco Botas, visitou hoxe as instalaci\u00f3ns do Grupo Coren en Santa Cruz de Arrabaldo, onde se atopa a sede da [&hellip;]<\/p>\n","protected":false},"author":1,"featured_media":10806,"comment_status":"open","ping_status":"open","sticky":false,"template":"","format":"standard","meta":{"_acf_changed":false,"footnotes":""},"categories":[214],"tags":[],"class_list":["post-11586","post","type-post","status-publish","format-standard","has-post-thumbnail","hentry","category-noticias-gl"],"acf":[],"yoast_head":"<!-- This site is optimized with the Yoast SEO plugin v27.0 - https:\/\/yoast.com\/product\/yoast-seo-wordpress\/ -->\n<title>Coren e ABANCA renovan o seu compromiso de colaboraci\u00f3n para traballar polo desenvolvemento do sector agroalimentario galego - Coren<\/title>\n<meta name=\"robots\" content=\"index, follow, max-snippet:-1, max-image-preview:large, max-video-preview:-1\" \/>\n<link rel=\"canonical\" href=\"https:\/\/www.coren.es\/gl\/coren-e-abanca-renovan-o-seu-compromiso-de-colaboracion-para-traballar-polo-desenvolvemento-do-sector-agroalimentario-galego\/\" \/>\n<meta property=\"og:locale\" content=\"gl_ES\" \/>\n<meta property=\"og:type\" content=\"article\" \/>\n<meta property=\"og:title\" content=\"Coren e ABANCA renovan o seu compromiso de colaboraci\u00f3n para traballar polo desenvolvemento do sector agroalimentario galego - Coren\" \/>\n<meta property=\"og:description\" content=\"O conselleiro delegado de ABANCA, Francisco Botas, visitou hoxe as instalaci\u00f3ns do Grupo Coren en Santa Cruz de Arrabaldo, onde se atopa a sede da [&hellip;]\" \/>\n<meta property=\"og:url\" content=\"https:\/\/www.coren.es\/gl\/coren-e-abanca-renovan-o-seu-compromiso-de-colaboracion-para-traballar-polo-desenvolvemento-do-sector-agroalimentario-galego\/\" \/>\n<meta property=\"og:site_name\" content=\"Coren\" \/>\n<meta property=\"article:published_time\" content=\"2022-05-22T08:51:25+00:00\" \/>\n<meta property=\"article:modified_time\" content=\"2022-11-15T08:54:47+00:00\" \/>\n<meta property=\"og:image\" content=\"https:\/\/www.coren.es\/wp-content\/uploads\/2022\/05\/Visita-Coren-Abanca.jpg\" \/>\n\t<meta property=\"og:image:width\" content=\"1200\" \/>\n\t<meta property=\"og:image:height\" content=\"800\" \/>\n\t<meta property=\"og:image:type\" content=\"image\/jpeg\" \/>\n<meta name=\"author\" content=\"Soporte\" \/>\n<meta name=\"twitter:card\" content=\"summary_large_image\" \/>\n<meta name=\"twitter:label1\" content=\"Escrito por\" \/>\n\t<meta name=\"twitter:data1\" content=\"Soporte\" \/>\n\t<meta name=\"twitter:label2\" content=\"Tempo de lectura\" \/>\n\t<meta name=\"twitter:data2\" content=\"2 minutos\" \/>\n<script type=\"application\/ld+json\" class=\"yoast-schema-graph\">{\"@context\":\"https:\/\/schema.org\",\"@graph\":[{\"@type\":\"Article\",\"@id\":\"https:\/\/www.coren.es\/gl\/coren-e-abanca-renovan-o-seu-compromiso-de-colaboracion-para-traballar-polo-desenvolvemento-do-sector-agroalimentario-galego\/#article\",\"isPartOf\":{\"@id\":\"https:\/\/www.coren.es\/gl\/coren-e-abanca-renovan-o-seu-compromiso-de-colaboracion-para-traballar-polo-desenvolvemento-do-sector-agroalimentario-galego\/\"},\"author\":{\"name\":\"Soporte\",\"@id\":\"https:\/\/www.coren.es\/gl\/#\/schema\/person\/2b227142856cee0b230bfa9950a7db66\"},\"headline\":\"Coren e ABANCA renovan o seu compromiso de colaboraci\u00f3n para traballar polo desenvolvemento do sector agroalimentario galego\",\"datePublished\":\"2022-05-22T08:51:25+00:00\",\"dateModified\":\"2022-11-15T08:54:47+00:00\",\"mainEntityOfPage\":{\"@id\":\"https:\/\/www.coren.es\/gl\/coren-e-abanca-renovan-o-seu-compromiso-de-colaboracion-para-traballar-polo-desenvolvemento-do-sector-agroalimentario-galego\/\"},\"wordCount\":309,\"commentCount\":0,\"publisher\":{\"@id\":\"https:\/\/www.coren.es\/gl\/#organization\"},\"image\":{\"@id\":\"https:\/\/www.coren.es\/gl\/coren-e-abanca-renovan-o-seu-compromiso-de-colaboracion-para-traballar-polo-desenvolvemento-do-sector-agroalimentario-galego\/#primaryimage\"},\"thumbnailUrl\":\"https:\/\/www.coren.es\/wp-content\/uploads\/2022\/05\/Visita-Coren-Abanca.jpg\",\"articleSection\":[\"Noticias\"],\"inLanguage\":\"gl-ES\",\"potentialAction\":[{\"@type\":\"CommentAction\",\"name\":\"Comment\",\"target\":[\"https:\/\/www.coren.es\/gl\/coren-e-abanca-renovan-o-seu-compromiso-de-colaboracion-para-traballar-polo-desenvolvemento-do-sector-agroalimentario-galego\/#respond\"]}]},{\"@type\":\"WebPage\",\"@id\":\"https:\/\/www.coren.es\/gl\/coren-e-abanca-renovan-o-seu-compromiso-de-colaboracion-para-traballar-polo-desenvolvemento-do-sector-agroalimentario-galego\/\",\"url\":\"https:\/\/www.coren.es\/gl\/coren-e-abanca-renovan-o-seu-compromiso-de-colaboracion-para-traballar-polo-desenvolvemento-do-sector-agroalimentario-galego\/\",\"name\":\"Coren e ABANCA renovan o seu compromiso de colaboraci\u00f3n para traballar polo desenvolvemento do sector agroalimentario galego - Coren\",\"isPartOf\":{\"@id\":\"https:\/\/www.coren.es\/gl\/#website\"},\"primaryImageOfPage\":{\"@id\":\"https:\/\/www.coren.es\/gl\/coren-e-abanca-renovan-o-seu-compromiso-de-colaboracion-para-traballar-polo-desenvolvemento-do-sector-agroalimentario-galego\/#primaryimage\"},\"image\":{\"@id\":\"https:\/\/www.coren.es\/gl\/coren-e-abanca-renovan-o-seu-compromiso-de-colaboracion-para-traballar-polo-desenvolvemento-do-sector-agroalimentario-galego\/#primaryimage\"},\"thumbnailUrl\":\"https:\/\/www.coren.es\/wp-content\/uploads\/2022\/05\/Visita-Coren-Abanca.jpg\",\"datePublished\":\"2022-05-22T08:51:25+00:00\",\"dateModified\":\"2022-11-15T08:54:47+00:00\",\"breadcrumb\":{\"@id\":\"https:\/\/www.coren.es\/gl\/coren-e-abanca-renovan-o-seu-compromiso-de-colaboracion-para-traballar-polo-desenvolvemento-do-sector-agroalimentario-galego\/#breadcrumb\"},\"inLanguage\":\"gl-ES\",\"potentialAction\":[{\"@type\":\"ReadAction\",\"target\":[\"https:\/\/www.coren.es\/gl\/coren-e-abanca-renovan-o-seu-compromiso-de-colaboracion-para-traballar-polo-desenvolvemento-do-sector-agroalimentario-galego\/\"]}]},{\"@type\":\"ImageObject\",\"inLanguage\":\"gl-ES\",\"@id\":\"https:\/\/www.coren.es\/gl\/coren-e-abanca-renovan-o-seu-compromiso-de-colaboracion-para-traballar-polo-desenvolvemento-do-sector-agroalimentario-galego\/#primaryimage\",\"url\":\"https:\/\/www.coren.es\/wp-content\/uploads\/2022\/05\/Visita-Coren-Abanca.jpg\",\"contentUrl\":\"https:\/\/www.coren.es\/wp-content\/uploads\/2022\/05\/Visita-Coren-Abanca.jpg\",\"width\":1200,\"height\":800},{\"@type\":\"BreadcrumbList\",\"@id\":\"https:\/\/www.coren.es\/gl\/coren-e-abanca-renovan-o-seu-compromiso-de-colaboracion-para-traballar-polo-desenvolvemento-do-sector-agroalimentario-galego\/#breadcrumb\",\"itemListElement\":[{\"@type\":\"ListItem\",\"position\":1,\"name\":\"Portada\",\"item\":\"https:\/\/www.coren.es\/gl\/\"},{\"@type\":\"ListItem\",\"position\":2,\"name\":\"Noticias\",\"item\":\"https:\/\/www.coren.es\/gl\/comunicacion\/noticias-gl\/\"},{\"@type\":\"ListItem\",\"position\":3,\"name\":\"Coren e ABANCA renovan o seu compromiso de colaboraci\u00f3n para traballar polo desenvolvemento do sector agroalimentario galego\"}]},{\"@type\":\"WebSite\",\"@id\":\"https:\/\/www.coren.es\/gl\/#website\",\"url\":\"https:\/\/www.coren.es\/gl\/\",\"name\":\"Coren. Alimentos y carnes de Galicia\",\"description\":\"\",\"publisher\":{\"@id\":\"https:\/\/www.coren.es\/gl\/#organization\"},\"potentialAction\":[{\"@type\":\"SearchAction\",\"target\":{\"@type\":\"EntryPoint\",\"urlTemplate\":\"https:\/\/www.coren.es\/gl\/?s={search_term_string}\"},\"query-input\":{\"@type\":\"PropertyValueSpecification\",\"valueRequired\":true,\"valueName\":\"search_term_string\"}}],\"inLanguage\":\"gl-ES\"},{\"@type\":\"Organization\",\"@id\":\"https:\/\/www.coren.es\/gl\/#organization\",\"name\":\"Coren\",\"url\":\"https:\/\/www.coren.es\/gl\/\",\"logo\":{\"@type\":\"ImageObject\",\"inLanguage\":\"gl-ES\",\"@id\":\"https:\/\/www.coren.es\/gl\/#\/schema\/logo\/image\/\",\"url\":\"https:\/\/www.coren.es\/wp-content\/uploads\/2023\/03\/cropped-logo.png\",\"contentUrl\":\"https:\/\/www.coren.es\/wp-content\/uploads\/2023\/03\/cropped-logo.png\",\"width\":131,\"height\":85,\"caption\":\"Coren\"},\"image\":{\"@id\":\"https:\/\/www.coren.es\/gl\/#\/schema\/logo\/image\/\"}},{\"@type\":\"Person\",\"@id\":\"https:\/\/www.coren.es\/gl\/#\/schema\/person\/2b227142856cee0b230bfa9950a7db66\",\"name\":\"Soporte\",\"image\":{\"@type\":\"ImageObject\",\"inLanguage\":\"gl-ES\",\"@id\":\"https:\/\/www.coren.es\/gl\/#\/schema\/person\/image\/\",\"url\":\"https:\/\/secure.gravatar.com\/avatar\/7b5d1b919a0449cf018416a2c97470e41c61c32224a14ca2ec08531e321dcbcc?s=96&d=mm&r=g\",\"contentUrl\":\"https:\/\/secure.gravatar.com\/avatar\/7b5d1b919a0449cf018416a2c97470e41c61c32224a14ca2ec08531e321dcbcc?s=96&d=mm&r=g\",\"caption\":\"Soporte\"},\"sameAs\":[\"https:\/\/www.coren.es\"]}]}<\/script>\n<!-- \/ Yoast SEO plugin. -->","yoast_head_json":{"title":"Coren e ABANCA renovan o seu compromiso de colaboraci\u00f3n para traballar polo desenvolvemento do sector agroalimentario galego - Coren","robots":{"index":"index","follow":"follow","max-snippet":"max-snippet:-1","max-image-preview":"max-image-preview:large","max-video-preview":"max-video-preview:-1"},"canonical":"https:\/\/www.coren.es\/gl\/coren-e-abanca-renovan-o-seu-compromiso-de-colaboracion-para-traballar-polo-desenvolvemento-do-sector-agroalimentario-galego\/","og_locale":"gl_ES","og_type":"article","og_title":"Coren e ABANCA renovan o seu compromiso de colaboraci\u00f3n para traballar polo desenvolvemento do sector agroalimentario galego - Coren","og_description":"O conselleiro delegado de ABANCA, Francisco Botas, visitou hoxe as instalaci\u00f3ns do Grupo Coren en Santa Cruz de Arrabaldo, onde se atopa a sede da [&hellip;]","og_url":"https:\/\/www.coren.es\/gl\/coren-e-abanca-renovan-o-seu-compromiso-de-colaboracion-para-traballar-polo-desenvolvemento-do-sector-agroalimentario-galego\/","og_site_name":"Coren","article_published_time":"2022-05-22T08:51:25+00:00","article_modified_time":"2022-11-15T08:54:47+00:00","og_image":[{"width":1200,"height":800,"url":"https:\/\/www.coren.es\/wp-content\/uploads\/2022\/05\/Visita-Coren-Abanca.jpg","type":"image\/jpeg"}],"author":"Soporte","twitter_card":"summary_large_image","twitter_misc":{"Escrito por":"Soporte","Tempo de lectura":"2 minutos"},"schema":{"@context":"https:\/\/schema.org","@graph":[{"@type":"Article","@id":"https:\/\/www.coren.es\/gl\/coren-e-abanca-renovan-o-seu-compromiso-de-colaboracion-para-traballar-polo-desenvolvemento-do-sector-agroalimentario-galego\/#article","isPartOf":{"@id":"https:\/\/www.coren.es\/gl\/coren-e-abanca-renovan-o-seu-compromiso-de-colaboracion-para-traballar-polo-desenvolvemento-do-sector-agroalimentario-galego\/"},"author":{"name":"Soporte","@id":"https:\/\/www.coren.es\/gl\/#\/schema\/person\/2b227142856cee0b230bfa9950a7db66"},"headline":"Coren e ABANCA renovan o seu compromiso de colaboraci\u00f3n para traballar polo desenvolvemento do sector agroalimentario galego","datePublished":"2022-05-22T08:51:25+00:00","dateModified":"2022-11-15T08:54:47+00:00","mainEntityOfPage":{"@id":"https:\/\/www.coren.es\/gl\/coren-e-abanca-renovan-o-seu-compromiso-de-colaboracion-para-traballar-polo-desenvolvemento-do-sector-agroalimentario-galego\/"},"wordCount":309,"commentCount":0,"publisher":{"@id":"https:\/\/www.coren.es\/gl\/#organization"},"image":{"@id":"https:\/\/www.coren.es\/gl\/coren-e-abanca-renovan-o-seu-compromiso-de-colaboracion-para-traballar-polo-desenvolvemento-do-sector-agroalimentario-galego\/#primaryimage"},"thumbnailUrl":"https:\/\/www.coren.es\/wp-content\/uploads\/2022\/05\/Visita-Coren-Abanca.jpg","articleSection":["Noticias"],"inLanguage":"gl-ES","potentialAction":[{"@type":"CommentAction","name":"Comment","target":["https:\/\/www.coren.es\/gl\/coren-e-abanca-renovan-o-seu-compromiso-de-colaboracion-para-traballar-polo-desenvolvemento-do-sector-agroalimentario-galego\/#respond"]}]},{"@type":"WebPage","@id":"https:\/\/www.coren.es\/gl\/coren-e-abanca-renovan-o-seu-compromiso-de-colaboracion-para-traballar-polo-desenvolvemento-do-sector-agroalimentario-galego\/","url":"https:\/\/www.coren.es\/gl\/coren-e-abanca-renovan-o-seu-compromiso-de-colaboracion-para-traballar-polo-desenvolvemento-do-sector-agroalimentario-galego\/","name":"Coren e ABANCA renovan o seu compromiso de colaboraci\u00f3n para traballar polo desenvolvemento do sector agroalimentario galego - Coren","isPartOf":{"@id":"https:\/\/www.coren.es\/gl\/#website"},"primaryImageOfPage":{"@id":"https:\/\/www.coren.es\/gl\/coren-e-abanca-renovan-o-seu-compromiso-de-colaboracion-para-traballar-polo-desenvolvemento-do-sector-agroalimentario-galego\/#primaryimage"},"image":{"@id":"https:\/\/www.coren.es\/gl\/coren-e-abanca-renovan-o-seu-compromiso-de-colaboracion-para-traballar-polo-desenvolvemento-do-sector-agroalimentario-galego\/#primaryimage"},"thumbnailUrl":"https:\/\/www.coren.es\/wp-content\/uploads\/2022\/05\/Visita-Coren-Abanca.jpg","datePublished":"2022-05-22T08:51:25+00:00","dateModified":"2022-11-15T08:54:47+00:00","breadcrumb":{"@id":"https:\/\/www.coren.es\/gl\/coren-e-abanca-renovan-o-seu-compromiso-de-colaboracion-para-traballar-polo-desenvolvemento-do-sector-agroalimentario-galego\/#breadcrumb"},"inLanguage":"gl-ES","potentialAction":[{"@type":"ReadAction","target":["https:\/\/www.coren.es\/gl\/coren-e-abanca-renovan-o-seu-compromiso-de-colaboracion-para-traballar-polo-desenvolvemento-do-sector-agroalimentario-galego\/"]}]},{"@type":"ImageObject","inLanguage":"gl-ES","@id":"https:\/\/www.coren.es\/gl\/coren-e-abanca-renovan-o-seu-compromiso-de-colaboracion-para-traballar-polo-desenvolvemento-do-sector-agroalimentario-galego\/#primaryimage","url":"https:\/\/www.coren.es\/wp-content\/uploads\/2022\/05\/Visita-Coren-Abanca.jpg","contentUrl":"https:\/\/www.coren.es\/wp-content\/uploads\/2022\/05\/Visita-Coren-Abanca.jpg","width":1200,"height":800},{"@type":"BreadcrumbList","@id":"https:\/\/www.coren.es\/gl\/coren-e-abanca-renovan-o-seu-compromiso-de-colaboracion-para-traballar-polo-desenvolvemento-do-sector-agroalimentario-galego\/#breadcrumb","itemListElement":[{"@type":"ListItem","position":1,"name":"Portada","item":"https:\/\/www.coren.es\/gl\/"},{"@type":"ListItem","position":2,"name":"Noticias","item":"https:\/\/www.coren.es\/gl\/comunicacion\/noticias-gl\/"},{"@type":"ListItem","position":3,"name":"Coren e ABANCA renovan o seu compromiso de colaboraci\u00f3n para traballar polo desenvolvemento do sector agroalimentario galego"}]},{"@type":"WebSite","@id":"https:\/\/www.coren.es\/gl\/#website","url":"https:\/\/www.coren.es\/gl\/","name":"Coren. Alimentos y carnes de Galicia","description":"","publisher":{"@id":"https:\/\/www.coren.es\/gl\/#organization"},"potentialAction":[{"@type":"SearchAction","target":{"@type":"EntryPoint","urlTemplate":"https:\/\/www.coren.es\/gl\/?s={search_term_string}"},"query-input":{"@type":"PropertyValueSpecification","valueRequired":true,"valueName":"search_term_string"}}],"inLanguage":"gl-ES"},{"@type":"Organization","@id":"https:\/\/www.coren.es\/gl\/#organization","name":"Coren","url":"https:\/\/www.coren.es\/gl\/","logo":{"@type":"ImageObject","inLanguage":"gl-ES","@id":"https:\/\/www.coren.es\/gl\/#\/schema\/logo\/image\/","url":"https:\/\/www.coren.es\/wp-content\/uploads\/2023\/03\/cropped-logo.png","contentUrl":"https:\/\/www.coren.es\/wp-content\/uploads\/2023\/03\/cropped-logo.png","width":131,"height":85,"caption":"Coren"},"image":{"@id":"https:\/\/www.coren.es\/gl\/#\/schema\/logo\/image\/"}},{"@type":"Person","@id":"https:\/\/www.coren.es\/gl\/#\/schema\/person\/2b227142856cee0b230bfa9950a7db66","name":"Soporte","image":{"@type":"ImageObject","inLanguage":"gl-ES","@id":"https:\/\/www.coren.es\/gl\/#\/schema\/person\/image\/","url":"https:\/\/secure.gravatar.com\/avatar\/7b5d1b919a0449cf018416a2c97470e41c61c32224a14ca2ec08531e321dcbcc?s=96&d=mm&r=g","contentUrl":"https:\/\/secure.gravatar.com\/avatar\/7b5d1b919a0449cf018416a2c97470e41c61c32224a14ca2ec08531e321dcbcc?s=96&d=mm&r=g","caption":"Soporte"},"sameAs":["https:\/\/www.coren.es"]}]}},"_links":{"self":[{"href":"https:\/\/www.coren.es\/gl\/wp-json\/wp\/v2\/posts\/11586","targetHints":{"allow":["GET"]}}],"collection":[{"href":"https:\/\/www.coren.es\/gl\/wp-json\/wp\/v2\/posts"}],"about":[{"href":"https:\/\/www.coren.es\/gl\/wp-json\/wp\/v2\/types\/post"}],"author":[{"embeddable":true,"href":"https:\/\/www.coren.es\/gl\/wp-json\/wp\/v2\/users\/1"}],"replies":[{"embeddable":true,"href":"https:\/\/www.coren.es\/gl\/wp-json\/wp\/v2\/comments?post=11586"}],"version-history":[{"count":1,"href":"https:\/\/www.coren.es\/gl\/wp-json\/wp\/v2\/posts\/11586\/revisions"}],"predecessor-version":[{"id":11587,"href":"https:\/\/www.coren.es\/gl\/wp-json\/wp\/v2\/posts\/11586\/revisions\/11587"}],"wp:featuredmedia":[{"embeddable":true,"href":"https:\/\/www.coren.es\/gl\/wp-json\/wp\/v2\/media\/10806"}],"wp:attachment":[{"href":"https:\/\/www.coren.es\/gl\/wp-json\/wp\/v2\/media?parent=11586"}],"wp:term":[{"taxonomy":"category","embeddable":true,"href":"https:\/\/www.coren.es\/gl\/wp-json\/wp\/v2\/categories?post=11586"},{"taxonomy":"post_tag","embeddable":true,"href":"https:\/\/www.coren.es\/gl\/wp-json\/wp\/v2\/tags?post=11586"}],"curies":[{"name":"wp","href":"https:\/\/api.w.org\/{rel}","templated":true}]}}