{"id":11588,"date":"2021-12-11T08:53:28","date_gmt":"2021-12-11T08:53:28","guid":{"rendered":"https:\/\/www.coren.es\/o-grupo-coren-adquire-4-100-000-quilos-de-castanas-para-alimentar-aos-porcos-da-selecta-no-ano-2022-que-achega-6-350-000-euros-ao-rural-galego\/"},"modified":"2022-11-15T08:54:31","modified_gmt":"2022-11-15T08:54:31","slug":"o-grupo-coren-adquire-4-100-000-quilos-de-castanas-para-alimentar-aos-porcos-da-selecta-no-ano-2022-que-achega-6-350-000-euros-ao-rural-galego","status":"publish","type":"post","link":"https:\/\/www.coren.es\/gl\/o-grupo-coren-adquire-4-100-000-quilos-de-castanas-para-alimentar-aos-porcos-da-selecta-no-ano-2022-que-achega-6-350-000-euros-ao-rural-galego\/","title":{"rendered":"O Grupo Coren adquire 4.100.000 quilos de casta\u00f1as para alimentar aos porcos da Selecta no ano 2022, que achega 6.350.000 euros ao rural galego"},"content":{"rendered":"\n<p>O acordo de compra foi ratificado por Manuel G\u00f3mez-Franqueira, presidente da cooperativa, con Jes\u00fas Quint\u00e1, xerente de Alib\u00f3s, a maior empresa de recadaci\u00f3n do sector en Galicia.<\/p>\n\n<p>Ademais de aportar riqueza ao medio rural, esta iniciativa ten un importante impacto ambiental: equivale a 137.000 casti\u00f1eiros nunha superficie de 1.800 hect\u00e1reas, que absorben a emisi\u00f3n de 10.700 toneladas de CO2.<\/p>\n\n<p>A casta\u00f1a utilizada para alimentar os porcos da Serra da Selecta procede integramente de Galicia e \u00e9 pelada, cocida e conxelada para poder dispor todo o ano.<\/p>\n\n<p>O Grupo Coren consolida a s\u00faa posici\u00f3n como un dos principais compradores de casta\u00f1a en Galicia coa renovaci\u00f3n do <strong>acordo de adquisici\u00f3n de casta\u00f1as galegas <\/strong>que destinar\u00e1 a <strong>alimentar os porcos da s\u00faa gama Selecta<\/strong>. &gt; ao longo do pr\u00f3ximo ano. O acordo de compra foi ratificado esta semana por <strong>Manuel G\u00f3mez-Franqueira \u00c1lvarez<\/strong>, presidente do grupo Coren, e <strong>Jes\u00fas Quint\u00e1<\/strong>, xerente de Alib\u00f3s, a principal empresa de recollida e transformaci\u00f3n de noces do Brasil. de Galicia.<\/p>\n\n<p>A cooperativa adquire casta\u00f1as cada ano en tempada, que despois pasa por un proceso de pelado, cocci\u00f3n e posterior conxelaci\u00f3n, que permite conservalas para <strong>destinalas a alimentar aos porcos durante todo o ano. strong&gt; Concretamente. , o acordo de compra de casta\u00f1as para 2022 ascende a <strong>4.100.000 quilos<\/strong>, o que sup\u00f3n <strong>unha achega econ\u00f3mica ao rural galego de 6.350.000 euros<\/strong>.<\/strong><\/p>\n\n<p>Na presente campa\u00f1a, a colleita de casta\u00f1a diminu\u00edu principalmente debido a que a climatolox\u00eda dos \u00faltimos meses non foi favorable para este cultivo. Non obstante, o importante volume de demanda de Coren xoga un papel estabilizador no sector, co que a cooperativa contrib\u00fae \u00e1<strong>xeraci\u00f3n de riqueza e \u00e1 dinamizaci\u00f3n econ\u00f3mica do rural galego,<\/strong>complementando os ingresos das familias de o campo, ademais de preservar os sotos ante o risco de desaparici\u00f3n que sofren polo abandono do campo. Unha acci\u00f3n que se enmarca na <strong>Pol\u00edtica de Responsabilidade Social<\/strong> de Coren para impulsar iniciativas dirixidas a favorecer o progreso do rural galego.<\/p>\n\n<p>Neste sentido, o Grupo leva anos reclamando a adopci\u00f3n de medidas para potenciar a plantaci\u00f3n de casti\u00f1eiros como cultivo rendible (de feito, estudos do sector indican que a rendibilidade dunha plantaci\u00f3n coidada e con variedades de valor engadido \u00e9 similar \u00e1 a dunha hect\u00e1rea de vi\u00f1edo).<\/p>\n\n<p><strong><u>COMPROMISO AMBIENTAL<\/u><\/strong><\/p>\n\n<p>A compra de casta\u00f1as de Coren tam\u00e9n ten un importante papel ambiental, xa que o volume comprado sup\u00f3n a produci\u00f3n duns <strong>137.000 casti\u00f1eiros en 1.800 hect\u00e1reas de terreo, que absorben 10.700 toneladas de CO2 ao ano<\/strong>. Deste xeito, a cooperativa contrib\u00fae \u00e1 protecci\u00f3n do medio ambiente, outro dos principios fundamentais da s\u00faa Pol\u00edtica de Responsabilidade Social.<\/p>\n","protected":false},"excerpt":{"rendered":"<p>O acordo de compra foi ratificado por Manuel G\u00f3mez-Franqueira, presidente da cooperativa, con Jes\u00fas Quint\u00e1, xerente de Alib\u00f3s, a maior empresa de recadaci\u00f3n do sector [&hellip;]<\/p>\n","protected":false},"author":1,"featured_media":10394,"comment_status":"open","ping_status":"open","sticky":false,"template":"","format":"standard","meta":{"_acf_changed":false,"footnotes":""},"categories":[213],"tags":[],"class_list":["post-11588","post","type-post","status-publish","format-standard","has-post-thumbnail","hentry","category-blog-gl"],"acf":[],"yoast_head":"<!-- This site is optimized with the Yoast SEO plugin v27.0 - https:\/\/yoast.com\/product\/yoast-seo-wordpress\/ -->\n<title>O Grupo Coren adquire 4.100.000 quilos de casta\u00f1as para alimentar aos porcos da Selecta no ano 2022, que achega 6.350.000 euros ao rural galego - Coren<\/title>\n<meta name=\"robots\" content=\"index, follow, max-snippet:-1, max-image-preview:large, max-video-preview:-1\" \/>\n<link rel=\"canonical\" href=\"https:\/\/www.coren.es\/gl\/o-grupo-coren-adquire-4-100-000-quilos-de-castanas-para-alimentar-aos-porcos-da-selecta-no-ano-2022-que-achega-6-350-000-euros-ao-rural-galego\/\" \/>\n<meta property=\"og:locale\" content=\"gl_ES\" \/>\n<meta property=\"og:type\" content=\"article\" \/>\n<meta property=\"og:title\" content=\"O Grupo Coren adquire 4.100.000 quilos de casta\u00f1as para alimentar aos porcos da Selecta no ano 2022, que achega 6.350.000 euros ao rural galego - Coren\" \/>\n<meta property=\"og:description\" content=\"O acordo de compra foi ratificado por Manuel G\u00f3mez-Franqueira, presidente da cooperativa, con Jes\u00fas Quint\u00e1, xerente de Alib\u00f3s, a maior empresa de recadaci\u00f3n do sector [&hellip;]\" \/>\n<meta property=\"og:url\" content=\"https:\/\/www.coren.es\/gl\/o-grupo-coren-adquire-4-100-000-quilos-de-castanas-para-alimentar-aos-porcos-da-selecta-no-ano-2022-que-achega-6-350-000-euros-ao-rural-galego\/\" \/>\n<meta property=\"og:site_name\" content=\"Coren\" \/>\n<meta property=\"article:published_time\" content=\"2021-12-11T08:53:28+00:00\" \/>\n<meta property=\"article:modified_time\" content=\"2022-11-15T08:54:31+00:00\" \/>\n<meta property=\"og:image\" content=\"https:\/\/www.coren.es\/wp-content\/uploads\/2021\/12\/firma-convenio-compra-castana.jpg\" \/>\n\t<meta property=\"og:image:width\" content=\"1200\" \/>\n\t<meta property=\"og:image:height\" content=\"800\" \/>\n\t<meta property=\"og:image:type\" content=\"image\/jpeg\" \/>\n<meta name=\"author\" content=\"Soporte\" \/>\n<meta name=\"twitter:card\" content=\"summary_large_image\" \/>\n<meta name=\"twitter:label1\" content=\"Escrito por\" \/>\n\t<meta name=\"twitter:data1\" content=\"Soporte\" \/>\n\t<meta name=\"twitter:label2\" content=\"Tempo de lectura\" \/>\n\t<meta name=\"twitter:data2\" content=\"2 minutos\" \/>\n<script type=\"application\/ld+json\" class=\"yoast-schema-graph\">{\"@context\":\"https:\/\/schema.org\",\"@graph\":[{\"@type\":\"Article\",\"@id\":\"https:\/\/www.coren.es\/gl\/o-grupo-coren-adquire-4-100-000-quilos-de-castanas-para-alimentar-aos-porcos-da-selecta-no-ano-2022-que-achega-6-350-000-euros-ao-rural-galego\/#article\",\"isPartOf\":{\"@id\":\"https:\/\/www.coren.es\/gl\/o-grupo-coren-adquire-4-100-000-quilos-de-castanas-para-alimentar-aos-porcos-da-selecta-no-ano-2022-que-achega-6-350-000-euros-ao-rural-galego\/\"},\"author\":{\"name\":\"Soporte\",\"@id\":\"https:\/\/www.coren.es\/gl\/#\/schema\/person\/2b227142856cee0b230bfa9950a7db66\"},\"headline\":\"O Grupo Coren adquire 4.100.000 quilos de casta\u00f1as para alimentar aos porcos da Selecta no ano 2022, que achega 6.350.000 euros ao rural galego\",\"datePublished\":\"2021-12-11T08:53:28+00:00\",\"dateModified\":\"2022-11-15T08:54:31+00:00\",\"mainEntityOfPage\":{\"@id\":\"https:\/\/www.coren.es\/gl\/o-grupo-coren-adquire-4-100-000-quilos-de-castanas-para-alimentar-aos-porcos-da-selecta-no-ano-2022-que-achega-6-350-000-euros-ao-rural-galego\/\"},\"wordCount\":487,\"commentCount\":0,\"publisher\":{\"@id\":\"https:\/\/www.coren.es\/gl\/#organization\"},\"image\":{\"@id\":\"https:\/\/www.coren.es\/gl\/o-grupo-coren-adquire-4-100-000-quilos-de-castanas-para-alimentar-aos-porcos-da-selecta-no-ano-2022-que-achega-6-350-000-euros-ao-rural-galego\/#primaryimage\"},\"thumbnailUrl\":\"https:\/\/www.coren.es\/wp-content\/uploads\/2021\/12\/firma-convenio-compra-castana.jpg\",\"articleSection\":[\"Blog\"],\"inLanguage\":\"gl-ES\",\"potentialAction\":[{\"@type\":\"CommentAction\",\"name\":\"Comment\",\"target\":[\"https:\/\/www.coren.es\/gl\/o-grupo-coren-adquire-4-100-000-quilos-de-castanas-para-alimentar-aos-porcos-da-selecta-no-ano-2022-que-achega-6-350-000-euros-ao-rural-galego\/#respond\"]}]},{\"@type\":\"WebPage\",\"@id\":\"https:\/\/www.coren.es\/gl\/o-grupo-coren-adquire-4-100-000-quilos-de-castanas-para-alimentar-aos-porcos-da-selecta-no-ano-2022-que-achega-6-350-000-euros-ao-rural-galego\/\",\"url\":\"https:\/\/www.coren.es\/gl\/o-grupo-coren-adquire-4-100-000-quilos-de-castanas-para-alimentar-aos-porcos-da-selecta-no-ano-2022-que-achega-6-350-000-euros-ao-rural-galego\/\",\"name\":\"O Grupo Coren adquire 4.100.000 quilos de casta\u00f1as para alimentar aos porcos da Selecta no ano 2022, que achega 6.350.000 euros ao rural galego - Coren\",\"isPartOf\":{\"@id\":\"https:\/\/www.coren.es\/gl\/#website\"},\"primaryImageOfPage\":{\"@id\":\"https:\/\/www.coren.es\/gl\/o-grupo-coren-adquire-4-100-000-quilos-de-castanas-para-alimentar-aos-porcos-da-selecta-no-ano-2022-que-achega-6-350-000-euros-ao-rural-galego\/#primaryimage\"},\"image\":{\"@id\":\"https:\/\/www.coren.es\/gl\/o-grupo-coren-adquire-4-100-000-quilos-de-castanas-para-alimentar-aos-porcos-da-selecta-no-ano-2022-que-achega-6-350-000-euros-ao-rural-galego\/#primaryimage\"},\"thumbnailUrl\":\"https:\/\/www.coren.es\/wp-content\/uploads\/2021\/12\/firma-convenio-compra-castana.jpg\",\"datePublished\":\"2021-12-11T08:53:28+00:00\",\"dateModified\":\"2022-11-15T08:54:31+00:00\",\"breadcrumb\":{\"@id\":\"https:\/\/www.coren.es\/gl\/o-grupo-coren-adquire-4-100-000-quilos-de-castanas-para-alimentar-aos-porcos-da-selecta-no-ano-2022-que-achega-6-350-000-euros-ao-rural-galego\/#breadcrumb\"},\"inLanguage\":\"gl-ES\",\"potentialAction\":[{\"@type\":\"ReadAction\",\"target\":[\"https:\/\/www.coren.es\/gl\/o-grupo-coren-adquire-4-100-000-quilos-de-castanas-para-alimentar-aos-porcos-da-selecta-no-ano-2022-que-achega-6-350-000-euros-ao-rural-galego\/\"]}]},{\"@type\":\"ImageObject\",\"inLanguage\":\"gl-ES\",\"@id\":\"https:\/\/www.coren.es\/gl\/o-grupo-coren-adquire-4-100-000-quilos-de-castanas-para-alimentar-aos-porcos-da-selecta-no-ano-2022-que-achega-6-350-000-euros-ao-rural-galego\/#primaryimage\",\"url\":\"https:\/\/www.coren.es\/wp-content\/uploads\/2021\/12\/firma-convenio-compra-castana.jpg\",\"contentUrl\":\"https:\/\/www.coren.es\/wp-content\/uploads\/2021\/12\/firma-convenio-compra-castana.jpg\",\"width\":1200,\"height\":800},{\"@type\":\"BreadcrumbList\",\"@id\":\"https:\/\/www.coren.es\/gl\/o-grupo-coren-adquire-4-100-000-quilos-de-castanas-para-alimentar-aos-porcos-da-selecta-no-ano-2022-que-achega-6-350-000-euros-ao-rural-galego\/#breadcrumb\",\"itemListElement\":[{\"@type\":\"ListItem\",\"position\":1,\"name\":\"Portada\",\"item\":\"https:\/\/www.coren.es\/gl\/\"},{\"@type\":\"ListItem\",\"position\":2,\"name\":\"Blog\",\"item\":\"https:\/\/www.coren.es\/gl\/comunicacion\/blog-gl\/\"},{\"@type\":\"ListItem\",\"position\":3,\"name\":\"O Grupo Coren adquire 4.100.000 quilos de casta\u00f1as para alimentar aos porcos da Selecta no ano 2022, que achega 6.350.000 euros ao rural galego\"}]},{\"@type\":\"WebSite\",\"@id\":\"https:\/\/www.coren.es\/gl\/#website\",\"url\":\"https:\/\/www.coren.es\/gl\/\",\"name\":\"Coren. Alimentos y carnes de Galicia\",\"description\":\"\",\"publisher\":{\"@id\":\"https:\/\/www.coren.es\/gl\/#organization\"},\"potentialAction\":[{\"@type\":\"SearchAction\",\"target\":{\"@type\":\"EntryPoint\",\"urlTemplate\":\"https:\/\/www.coren.es\/gl\/?s={search_term_string}\"},\"query-input\":{\"@type\":\"PropertyValueSpecification\",\"valueRequired\":true,\"valueName\":\"search_term_string\"}}],\"inLanguage\":\"gl-ES\"},{\"@type\":\"Organization\",\"@id\":\"https:\/\/www.coren.es\/gl\/#organization\",\"name\":\"Coren\",\"url\":\"https:\/\/www.coren.es\/gl\/\",\"logo\":{\"@type\":\"ImageObject\",\"inLanguage\":\"gl-ES\",\"@id\":\"https:\/\/www.coren.es\/gl\/#\/schema\/logo\/image\/\",\"url\":\"https:\/\/www.coren.es\/wp-content\/uploads\/2023\/03\/cropped-logo.png\",\"contentUrl\":\"https:\/\/www.coren.es\/wp-content\/uploads\/2023\/03\/cropped-logo.png\",\"width\":131,\"height\":85,\"caption\":\"Coren\"},\"image\":{\"@id\":\"https:\/\/www.coren.es\/gl\/#\/schema\/logo\/image\/\"}},{\"@type\":\"Person\",\"@id\":\"https:\/\/www.coren.es\/gl\/#\/schema\/person\/2b227142856cee0b230bfa9950a7db66\",\"name\":\"Soporte\",\"image\":{\"@type\":\"ImageObject\",\"inLanguage\":\"gl-ES\",\"@id\":\"https:\/\/www.coren.es\/gl\/#\/schema\/person\/image\/\",\"url\":\"https:\/\/secure.gravatar.com\/avatar\/7b5d1b919a0449cf018416a2c97470e41c61c32224a14ca2ec08531e321dcbcc?s=96&d=mm&r=g\",\"contentUrl\":\"https:\/\/secure.gravatar.com\/avatar\/7b5d1b919a0449cf018416a2c97470e41c61c32224a14ca2ec08531e321dcbcc?s=96&d=mm&r=g\",\"caption\":\"Soporte\"},\"sameAs\":[\"https:\/\/www.coren.es\"]}]}<\/script>\n<!-- \/ Yoast SEO plugin. -->","yoast_head_json":{"title":"O Grupo Coren adquire 4.100.000 quilos de casta\u00f1as para alimentar aos porcos da Selecta no ano 2022, que achega 6.350.000 euros ao rural galego - Coren","robots":{"index":"index","follow":"follow","max-snippet":"max-snippet:-1","max-image-preview":"max-image-preview:large","max-video-preview":"max-video-preview:-1"},"canonical":"https:\/\/www.coren.es\/gl\/o-grupo-coren-adquire-4-100-000-quilos-de-castanas-para-alimentar-aos-porcos-da-selecta-no-ano-2022-que-achega-6-350-000-euros-ao-rural-galego\/","og_locale":"gl_ES","og_type":"article","og_title":"O Grupo Coren adquire 4.100.000 quilos de casta\u00f1as para alimentar aos porcos da Selecta no ano 2022, que achega 6.350.000 euros ao rural galego - Coren","og_description":"O acordo de compra foi ratificado por Manuel G\u00f3mez-Franqueira, presidente da cooperativa, con Jes\u00fas Quint\u00e1, xerente de Alib\u00f3s, a maior empresa de recadaci\u00f3n do sector [&hellip;]","og_url":"https:\/\/www.coren.es\/gl\/o-grupo-coren-adquire-4-100-000-quilos-de-castanas-para-alimentar-aos-porcos-da-selecta-no-ano-2022-que-achega-6-350-000-euros-ao-rural-galego\/","og_site_name":"Coren","article_published_time":"2021-12-11T08:53:28+00:00","article_modified_time":"2022-11-15T08:54:31+00:00","og_image":[{"width":1200,"height":800,"url":"https:\/\/www.coren.es\/wp-content\/uploads\/2021\/12\/firma-convenio-compra-castana.jpg","type":"image\/jpeg"}],"author":"Soporte","twitter_card":"summary_large_image","twitter_misc":{"Escrito por":"Soporte","Tempo de lectura":"2 minutos"},"schema":{"@context":"https:\/\/schema.org","@graph":[{"@type":"Article","@id":"https:\/\/www.coren.es\/gl\/o-grupo-coren-adquire-4-100-000-quilos-de-castanas-para-alimentar-aos-porcos-da-selecta-no-ano-2022-que-achega-6-350-000-euros-ao-rural-galego\/#article","isPartOf":{"@id":"https:\/\/www.coren.es\/gl\/o-grupo-coren-adquire-4-100-000-quilos-de-castanas-para-alimentar-aos-porcos-da-selecta-no-ano-2022-que-achega-6-350-000-euros-ao-rural-galego\/"},"author":{"name":"Soporte","@id":"https:\/\/www.coren.es\/gl\/#\/schema\/person\/2b227142856cee0b230bfa9950a7db66"},"headline":"O Grupo Coren adquire 4.100.000 quilos de casta\u00f1as para alimentar aos porcos da Selecta no ano 2022, que achega 6.350.000 euros ao rural galego","datePublished":"2021-12-11T08:53:28+00:00","dateModified":"2022-11-15T08:54:31+00:00","mainEntityOfPage":{"@id":"https:\/\/www.coren.es\/gl\/o-grupo-coren-adquire-4-100-000-quilos-de-castanas-para-alimentar-aos-porcos-da-selecta-no-ano-2022-que-achega-6-350-000-euros-ao-rural-galego\/"},"wordCount":487,"commentCount":0,"publisher":{"@id":"https:\/\/www.coren.es\/gl\/#organization"},"image":{"@id":"https:\/\/www.coren.es\/gl\/o-grupo-coren-adquire-4-100-000-quilos-de-castanas-para-alimentar-aos-porcos-da-selecta-no-ano-2022-que-achega-6-350-000-euros-ao-rural-galego\/#primaryimage"},"thumbnailUrl":"https:\/\/www.coren.es\/wp-content\/uploads\/2021\/12\/firma-convenio-compra-castana.jpg","articleSection":["Blog"],"inLanguage":"gl-ES","potentialAction":[{"@type":"CommentAction","name":"Comment","target":["https:\/\/www.coren.es\/gl\/o-grupo-coren-adquire-4-100-000-quilos-de-castanas-para-alimentar-aos-porcos-da-selecta-no-ano-2022-que-achega-6-350-000-euros-ao-rural-galego\/#respond"]}]},{"@type":"WebPage","@id":"https:\/\/www.coren.es\/gl\/o-grupo-coren-adquire-4-100-000-quilos-de-castanas-para-alimentar-aos-porcos-da-selecta-no-ano-2022-que-achega-6-350-000-euros-ao-rural-galego\/","url":"https:\/\/www.coren.es\/gl\/o-grupo-coren-adquire-4-100-000-quilos-de-castanas-para-alimentar-aos-porcos-da-selecta-no-ano-2022-que-achega-6-350-000-euros-ao-rural-galego\/","name":"O Grupo Coren adquire 4.100.000 quilos de casta\u00f1as para alimentar aos porcos da Selecta no ano 2022, que achega 6.350.000 euros ao rural galego - Coren","isPartOf":{"@id":"https:\/\/www.coren.es\/gl\/#website"},"primaryImageOfPage":{"@id":"https:\/\/www.coren.es\/gl\/o-grupo-coren-adquire-4-100-000-quilos-de-castanas-para-alimentar-aos-porcos-da-selecta-no-ano-2022-que-achega-6-350-000-euros-ao-rural-galego\/#primaryimage"},"image":{"@id":"https:\/\/www.coren.es\/gl\/o-grupo-coren-adquire-4-100-000-quilos-de-castanas-para-alimentar-aos-porcos-da-selecta-no-ano-2022-que-achega-6-350-000-euros-ao-rural-galego\/#primaryimage"},"thumbnailUrl":"https:\/\/www.coren.es\/wp-content\/uploads\/2021\/12\/firma-convenio-compra-castana.jpg","datePublished":"2021-12-11T08:53:28+00:00","dateModified":"2022-11-15T08:54:31+00:00","breadcrumb":{"@id":"https:\/\/www.coren.es\/gl\/o-grupo-coren-adquire-4-100-000-quilos-de-castanas-para-alimentar-aos-porcos-da-selecta-no-ano-2022-que-achega-6-350-000-euros-ao-rural-galego\/#breadcrumb"},"inLanguage":"gl-ES","potentialAction":[{"@type":"ReadAction","target":["https:\/\/www.coren.es\/gl\/o-grupo-coren-adquire-4-100-000-quilos-de-castanas-para-alimentar-aos-porcos-da-selecta-no-ano-2022-que-achega-6-350-000-euros-ao-rural-galego\/"]}]},{"@type":"ImageObject","inLanguage":"gl-ES","@id":"https:\/\/www.coren.es\/gl\/o-grupo-coren-adquire-4-100-000-quilos-de-castanas-para-alimentar-aos-porcos-da-selecta-no-ano-2022-que-achega-6-350-000-euros-ao-rural-galego\/#primaryimage","url":"https:\/\/www.coren.es\/wp-content\/uploads\/2021\/12\/firma-convenio-compra-castana.jpg","contentUrl":"https:\/\/www.coren.es\/wp-content\/uploads\/2021\/12\/firma-convenio-compra-castana.jpg","width":1200,"height":800},{"@type":"BreadcrumbList","@id":"https:\/\/www.coren.es\/gl\/o-grupo-coren-adquire-4-100-000-quilos-de-castanas-para-alimentar-aos-porcos-da-selecta-no-ano-2022-que-achega-6-350-000-euros-ao-rural-galego\/#breadcrumb","itemListElement":[{"@type":"ListItem","position":1,"name":"Portada","item":"https:\/\/www.coren.es\/gl\/"},{"@type":"ListItem","position":2,"name":"Blog","item":"https:\/\/www.coren.es\/gl\/comunicacion\/blog-gl\/"},{"@type":"ListItem","position":3,"name":"O Grupo Coren adquire 4.100.000 quilos de casta\u00f1as para alimentar aos porcos da Selecta no ano 2022, que achega 6.350.000 euros ao rural galego"}]},{"@type":"WebSite","@id":"https:\/\/www.coren.es\/gl\/#website","url":"https:\/\/www.coren.es\/gl\/","name":"Coren. Alimentos y carnes de Galicia","description":"","publisher":{"@id":"https:\/\/www.coren.es\/gl\/#organization"},"potentialAction":[{"@type":"SearchAction","target":{"@type":"EntryPoint","urlTemplate":"https:\/\/www.coren.es\/gl\/?s={search_term_string}"},"query-input":{"@type":"PropertyValueSpecification","valueRequired":true,"valueName":"search_term_string"}}],"inLanguage":"gl-ES"},{"@type":"Organization","@id":"https:\/\/www.coren.es\/gl\/#organization","name":"Coren","url":"https:\/\/www.coren.es\/gl\/","logo":{"@type":"ImageObject","inLanguage":"gl-ES","@id":"https:\/\/www.coren.es\/gl\/#\/schema\/logo\/image\/","url":"https:\/\/www.coren.es\/wp-content\/uploads\/2023\/03\/cropped-logo.png","contentUrl":"https:\/\/www.coren.es\/wp-content\/uploads\/2023\/03\/cropped-logo.png","width":131,"height":85,"caption":"Coren"},"image":{"@id":"https:\/\/www.coren.es\/gl\/#\/schema\/logo\/image\/"}},{"@type":"Person","@id":"https:\/\/www.coren.es\/gl\/#\/schema\/person\/2b227142856cee0b230bfa9950a7db66","name":"Soporte","image":{"@type":"ImageObject","inLanguage":"gl-ES","@id":"https:\/\/www.coren.es\/gl\/#\/schema\/person\/image\/","url":"https:\/\/secure.gravatar.com\/avatar\/7b5d1b919a0449cf018416a2c97470e41c61c32224a14ca2ec08531e321dcbcc?s=96&d=mm&r=g","contentUrl":"https:\/\/secure.gravatar.com\/avatar\/7b5d1b919a0449cf018416a2c97470e41c61c32224a14ca2ec08531e321dcbcc?s=96&d=mm&r=g","caption":"Soporte"},"sameAs":["https:\/\/www.coren.es"]}]}},"_links":{"self":[{"href":"https:\/\/www.coren.es\/gl\/wp-json\/wp\/v2\/posts\/11588","targetHints":{"allow":["GET"]}}],"collection":[{"href":"https:\/\/www.coren.es\/gl\/wp-json\/wp\/v2\/posts"}],"about":[{"href":"https:\/\/www.coren.es\/gl\/wp-json\/wp\/v2\/types\/post"}],"author":[{"embeddable":true,"href":"https:\/\/www.coren.es\/gl\/wp-json\/wp\/v2\/users\/1"}],"replies":[{"embeddable":true,"href":"https:\/\/www.coren.es\/gl\/wp-json\/wp\/v2\/comments?post=11588"}],"version-history":[{"count":1,"href":"https:\/\/www.coren.es\/gl\/wp-json\/wp\/v2\/posts\/11588\/revisions"}],"predecessor-version":[{"id":11589,"href":"https:\/\/www.coren.es\/gl\/wp-json\/wp\/v2\/posts\/11588\/revisions\/11589"}],"wp:featuredmedia":[{"embeddable":true,"href":"https:\/\/www.coren.es\/gl\/wp-json\/wp\/v2\/media\/10394"}],"wp:attachment":[{"href":"https:\/\/www.coren.es\/gl\/wp-json\/wp\/v2\/media?parent=11588"}],"wp:term":[{"taxonomy":"category","embeddable":true,"href":"https:\/\/www.coren.es\/gl\/wp-json\/wp\/v2\/categories?post=11588"},{"taxonomy":"post_tag","embeddable":true,"href":"https:\/\/www.coren.es\/gl\/wp-json\/wp\/v2\/tags?post=11588"}],"curies":[{"name":"wp","href":"https:\/\/api.w.org\/{rel}","templated":true}]}}