{"id":12295,"date":"2023-02-07T08:55:00","date_gmt":"2023-02-07T08:55:00","guid":{"rendered":"https:\/\/www.coren.es\/?p=12295"},"modified":"2023-02-15T09:05:50","modified_gmt":"2023-02-15T09:05:50","slug":"o-grupo-coren-reforza-o-seu-compromiso-co-campo-galego-coa-compra-de-4-250-000-quilos-de-castana-para-alimentar-os-porcos-selecta-en-2023-o-que-supon-unha-achega-de-6-600-000-euros%ef%bf%bc","status":"publish","type":"post","link":"https:\/\/www.coren.es\/gl\/o-grupo-coren-reforza-o-seu-compromiso-co-campo-galego-coa-compra-de-4-250-000-quilos-de-castana-para-alimentar-os-porcos-selecta-en-2023-o-que-supon-unha-achega-de-6-600-000-euros%ef%bf%bc\/","title":{"rendered":"O Grupo Coren reforza o seu compromiso co campo galego coa compra de 4.250.000 quilos de casta\u00f1a para alimentar os porcos Selecta en 2023, o que sup\u00f3n unha achega de 6.600.000 euros\ufffc"},"content":{"rendered":"\n<p><strong><u>O convenio de compra foi ratificado por Manuel G\u00f3mez-Franqueira, presidente da cooperativa, con Jes\u00fas Quint\u00e1, xerente de Alib\u00f3s, a maior empresa colleitadora do sector en Galicia<\/u><\/strong><\/p>\n\n\n\n<p><\/p>\n\n\n\n<p><strong><u>Coren cumpre unha d\u00e9cada consolidado como un dos principais dinamizadores do sector ao adquirir a casta\u00f1a en tempada para logo a pelar, cocer e conxelar como alimento dos porcos durante todo o ano<\/u><\/strong><\/p>\n\n\n\n<p><\/p>\n\n\n\n<p><strong><u>Ademais de achegar riqueza ao rural, esta iniciativa ten unha importante repercusi\u00f3n ambiental: equivale a 137.000 casti\u00f1eiros nunha superficie de 1.800 hect\u00e1reas, que absorben a emisi\u00f3n de 10.700 toneladas de CO2<\/u><\/strong><\/p>\n\n\n\n<p><\/p>\n\n\n\n<p>Desde hai unha d\u00e9cada, o Grupo Coren desenvolve un papel dinamizador no sector da casta\u00f1a en Galicia grazas ao seu importante volume de compra, que destina \u00e1 alimentaci\u00f3n da s\u00faa gama de porcos Selecta. Xa que logo, a cooperativa galega v\u00e9n de renovar o convenio anual de <strong>adquisici\u00f3n de casta\u00f1a <\/strong>para o ano 2023, un&nbsp;acordo que foi ratificado esta semana por <strong>Manuel G\u00f3mez-Franqueira \u00c1lvarez,<\/strong> presidente do Grupo Coren, e <strong>Jes\u00fas Quint\u00e1<\/strong>, xerente de Alib\u00f3s, a principal empresa recolledora e transformadora de casta\u00f1a de Galicia. No encontro estiveron tam\u00e9n presentes <strong>Manuel G\u00f3mez-Franqueira Otero<\/strong>, conselleiro de Coren; <strong>Natalio Rodr\u00edguez<\/strong>, director de Frigolouro; e <strong>Jos\u00e9 Luis Rey<\/strong>, responsable de compras do Grupo.<\/p>\n\n\n\n<p>O convenio para 2023 ascende a<strong> 4.250.000 quilos de casta\u00f1a<\/strong>, o que representa <strong>unha achega econ\u00f3mica de 6.600.000 euros<\/strong>. A cooperativa adquire a casta\u00f1a cada ano en tempada para logo pasar por un proceso de pelado, cocci\u00f3n e posterior conxelado, o que permite a s\u00faa conservaci\u00f3n coa finalidade de<strong> a destinar \u00e1 alimentaci\u00f3n dos porcos durante todo o ano.<\/strong><\/p>\n\n\n\n<p>Na \u00faltima campa\u00f1a de recollida da casta\u00f1a, a colleita minguou por mor da climatolox\u00eda marcada pola forte seca do ano pasado, o que non favoreceu este cultivo. Sexa como for, o importante volume de demanda de Coren sup\u00f3n un papel estabilizador no sector, contribu\u00edndo \u00e1<strong> xeraci\u00f3n de riqueza e \u00e1 dinamizaci\u00f3n econ\u00f3mica do rural,<\/strong> ao complementar os ingresos das familias do campo, ademais de preservar os soutos fronte ao risco de desaparici\u00f3n que sofren polo abandono. Unha acci\u00f3n que se enmarca dentro da <strong>Pol\u00edtica de Responsabilidade Social<\/strong> de Coren de impulsar iniciativas dirixidas a fomentar o progreso do entorno rural no que desenvolve a s\u00faa actividade.&nbsp;<\/p>\n\n\n\n<p>Coren cumpre xa unha d\u00e9cada como un dos principais demandantes de casta\u00f1a para a alimentaci\u00f3n do seu porco Selecta, proxecto lanzado ao mercado en 2012 como froito dunha iniciativa de I+D da cooperativa, para recuperar a alimentaci\u00f3n dos porcos con casta\u00f1a, como sempre se fixera en Galicia, o que lle d\u00e1 un sabor especial \u00e1 carne. De feito,<strong> a gama est\u00e1 consolidada como unha das m\u00e1is exitosas da cooperativa, tanto na s\u00faa li\u00f1a de frescos coma na de curados<\/strong>, co seu Xam\u00f3n Selecta \u201cO de Casta\u00f1as\u201d como referente.<\/p>\n\n\n\n<p>Para o impulso da s\u00faa Gama Selecta, o Grupo v\u00e9n demandando desde hai anos a adopci\u00f3n de medidas para <strong>promover a plantaci\u00f3n de casti\u00f1eiros<\/strong> como un cultivo rendible (de feito, os estudos do sector indican que a rendibilidade dunha plantaci\u00f3n coidada e con variedades de valor engadido \u00e9 similar \u00e1 dunha hect\u00e1rea de vi\u00f1edo).<\/p>\n\n\n\n<p><strong><u>COMPROMISO AMBIENTAL<\/u><\/strong><\/p>\n\n\n\n<p>A compra de casta\u00f1a por parte de Coren implica tam\u00e9n unha destacada repercusi\u00f3n medioambiental, xa que o volume adquirido representa a produci\u00f3n duns<strong> 142.000 casti\u00f1eiros en 1.865 hect\u00e1reas de terreo, que absorben ao ano case 11.100 toneladas de CO2<\/strong>. Deste xeito, a cooperativa contrib\u00fae \u00e1 protecci\u00f3n do medio ambiente en consonancia cos principios fundamentais da s\u00faa Pol\u00edtica de Responsabilidade Social.<\/p>\n","protected":false},"excerpt":{"rendered":"<p>O convenio de compra foi ratificado por Manuel G\u00f3mez-Franqueira, presidente da cooperativa, con Jes\u00fas Quint\u00e1, xerente de Alib\u00f3s, a maior empresa colleitadora do sector en [&hellip;]<\/p>\n","protected":false},"author":2,"featured_media":12156,"comment_status":"open","ping_status":"open","sticky":false,"template":"","format":"standard","meta":{"_acf_changed":false,"footnotes":""},"categories":[214],"tags":[],"class_list":["post-12295","post","type-post","status-publish","format-standard","has-post-thumbnail","hentry","category-noticias-gl"],"acf":[],"yoast_head":"<!-- This site is optimized with the Yoast SEO plugin v27.0 - https:\/\/yoast.com\/product\/yoast-seo-wordpress\/ -->\n<title>O Grupo Coren reforza o seu compromiso co campo galego coa compra de 4.250.000 quilos de casta\u00f1a para alimentar os porcos Selecta en 2023, o que sup\u00f3n unha achega de 6.600.000 euros\ufffc - Coren<\/title>\n<meta name=\"robots\" content=\"index, follow, max-snippet:-1, max-image-preview:large, max-video-preview:-1\" \/>\n<link rel=\"canonical\" href=\"https:\/\/www.coren.es\/gl\/o-grupo-coren-reforza-o-seu-compromiso-co-campo-galego-coa-compra-de-4-250-000-quilos-de-castana-para-alimentar-os-porcos-selecta-en-2023-o-que-supon-unha-achega-de-6-600-000-euros%ef%bf%bc\/\" \/>\n<meta property=\"og:locale\" content=\"gl_ES\" \/>\n<meta property=\"og:type\" content=\"article\" \/>\n<meta property=\"og:title\" content=\"O Grupo Coren reforza o seu compromiso co campo galego coa compra de 4.250.000 quilos de casta\u00f1a para alimentar os porcos Selecta en 2023, o que sup\u00f3n unha achega de 6.600.000 euros\ufffc - Coren\" \/>\n<meta property=\"og:description\" content=\"O convenio de compra foi ratificado por Manuel G\u00f3mez-Franqueira, presidente da cooperativa, con Jes\u00fas Quint\u00e1, xerente de Alib\u00f3s, a maior empresa colleitadora do sector en [&hellip;]\" \/>\n<meta property=\"og:url\" content=\"https:\/\/www.coren.es\/gl\/o-grupo-coren-reforza-o-seu-compromiso-co-campo-galego-coa-compra-de-4-250-000-quilos-de-castana-para-alimentar-os-porcos-selecta-en-2023-o-que-supon-unha-achega-de-6-600-000-euros%ef%bf%bc\/\" \/>\n<meta property=\"og:site_name\" content=\"Coren\" \/>\n<meta property=\"article:published_time\" content=\"2023-02-07T08:55:00+00:00\" \/>\n<meta property=\"article:modified_time\" content=\"2023-02-15T09:05:50+00:00\" \/>\n<meta property=\"og:image\" content=\"https:\/\/www.coren.es\/wp-content\/uploads\/2023\/02\/Convenio_Coren-Alibos-2023_1.jpg\" \/>\n\t<meta property=\"og:image:width\" content=\"1200\" \/>\n\t<meta property=\"og:image:height\" content=\"800\" \/>\n\t<meta property=\"og:image:type\" content=\"image\/jpeg\" \/>\n<meta name=\"author\" content=\"Ledicia Gil\" \/>\n<meta name=\"twitter:card\" content=\"summary_large_image\" \/>\n<meta name=\"twitter:label1\" content=\"Escrito por\" \/>\n\t<meta name=\"twitter:data1\" content=\"Ledicia Gil\" \/>\n\t<meta name=\"twitter:label2\" content=\"Tempo de lectura\" \/>\n\t<meta name=\"twitter:data2\" content=\"3 minutos\" \/>\n<script type=\"application\/ld+json\" class=\"yoast-schema-graph\">{\"@context\":\"https:\/\/schema.org\",\"@graph\":[{\"@type\":\"Article\",\"@id\":\"https:\/\/www.coren.es\/gl\/o-grupo-coren-reforza-o-seu-compromiso-co-campo-galego-coa-compra-de-4-250-000-quilos-de-castana-para-alimentar-os-porcos-selecta-en-2023-o-que-supon-unha-achega-de-6-600-000-euros%ef%bf%bc\/#article\",\"isPartOf\":{\"@id\":\"https:\/\/www.coren.es\/gl\/o-grupo-coren-reforza-o-seu-compromiso-co-campo-galego-coa-compra-de-4-250-000-quilos-de-castana-para-alimentar-os-porcos-selecta-en-2023-o-que-supon-unha-achega-de-6-600-000-euros%ef%bf%bc\/\"},\"author\":{\"name\":\"Ledicia Gil\",\"@id\":\"https:\/\/www.coren.es\/gl\/#\/schema\/person\/83a0c8e94a958130f55842cf41aa01d0\"},\"headline\":\"O Grupo Coren reforza o seu compromiso co campo galego coa compra de 4.250.000 quilos de casta\u00f1a para alimentar os porcos Selecta en 2023, o que sup\u00f3n unha achega de 6.600.000 euros\ufffc\",\"datePublished\":\"2023-02-07T08:55:00+00:00\",\"dateModified\":\"2023-02-15T09:05:50+00:00\",\"mainEntityOfPage\":{\"@id\":\"https:\/\/www.coren.es\/gl\/o-grupo-coren-reforza-o-seu-compromiso-co-campo-galego-coa-compra-de-4-250-000-quilos-de-castana-para-alimentar-os-porcos-selecta-en-2023-o-que-supon-unha-achega-de-6-600-000-euros%ef%bf%bc\/\"},\"wordCount\":654,\"commentCount\":0,\"publisher\":{\"@id\":\"https:\/\/www.coren.es\/gl\/#organization\"},\"image\":{\"@id\":\"https:\/\/www.coren.es\/gl\/o-grupo-coren-reforza-o-seu-compromiso-co-campo-galego-coa-compra-de-4-250-000-quilos-de-castana-para-alimentar-os-porcos-selecta-en-2023-o-que-supon-unha-achega-de-6-600-000-euros%ef%bf%bc\/#primaryimage\"},\"thumbnailUrl\":\"https:\/\/www.coren.es\/wp-content\/uploads\/2023\/02\/Convenio_Coren-Alibos-2023_1.jpg\",\"articleSection\":[\"Noticias\"],\"inLanguage\":\"gl-ES\",\"potentialAction\":[{\"@type\":\"CommentAction\",\"name\":\"Comment\",\"target\":[\"https:\/\/www.coren.es\/gl\/o-grupo-coren-reforza-o-seu-compromiso-co-campo-galego-coa-compra-de-4-250-000-quilos-de-castana-para-alimentar-os-porcos-selecta-en-2023-o-que-supon-unha-achega-de-6-600-000-euros%ef%bf%bc\/#respond\"]}]},{\"@type\":\"WebPage\",\"@id\":\"https:\/\/www.coren.es\/gl\/o-grupo-coren-reforza-o-seu-compromiso-co-campo-galego-coa-compra-de-4-250-000-quilos-de-castana-para-alimentar-os-porcos-selecta-en-2023-o-que-supon-unha-achega-de-6-600-000-euros%ef%bf%bc\/\",\"url\":\"https:\/\/www.coren.es\/gl\/o-grupo-coren-reforza-o-seu-compromiso-co-campo-galego-coa-compra-de-4-250-000-quilos-de-castana-para-alimentar-os-porcos-selecta-en-2023-o-que-supon-unha-achega-de-6-600-000-euros%ef%bf%bc\/\",\"name\":\"O Grupo Coren reforza o seu compromiso co campo galego coa compra de 4.250.000 quilos de casta\u00f1a para alimentar os porcos Selecta en 2023, o que sup\u00f3n unha achega de 6.600.000 euros\ufffc - Coren\",\"isPartOf\":{\"@id\":\"https:\/\/www.coren.es\/gl\/#website\"},\"primaryImageOfPage\":{\"@id\":\"https:\/\/www.coren.es\/gl\/o-grupo-coren-reforza-o-seu-compromiso-co-campo-galego-coa-compra-de-4-250-000-quilos-de-castana-para-alimentar-os-porcos-selecta-en-2023-o-que-supon-unha-achega-de-6-600-000-euros%ef%bf%bc\/#primaryimage\"},\"image\":{\"@id\":\"https:\/\/www.coren.es\/gl\/o-grupo-coren-reforza-o-seu-compromiso-co-campo-galego-coa-compra-de-4-250-000-quilos-de-castana-para-alimentar-os-porcos-selecta-en-2023-o-que-supon-unha-achega-de-6-600-000-euros%ef%bf%bc\/#primaryimage\"},\"thumbnailUrl\":\"https:\/\/www.coren.es\/wp-content\/uploads\/2023\/02\/Convenio_Coren-Alibos-2023_1.jpg\",\"datePublished\":\"2023-02-07T08:55:00+00:00\",\"dateModified\":\"2023-02-15T09:05:50+00:00\",\"breadcrumb\":{\"@id\":\"https:\/\/www.coren.es\/gl\/o-grupo-coren-reforza-o-seu-compromiso-co-campo-galego-coa-compra-de-4-250-000-quilos-de-castana-para-alimentar-os-porcos-selecta-en-2023-o-que-supon-unha-achega-de-6-600-000-euros%ef%bf%bc\/#breadcrumb\"},\"inLanguage\":\"gl-ES\",\"potentialAction\":[{\"@type\":\"ReadAction\",\"target\":[\"https:\/\/www.coren.es\/gl\/o-grupo-coren-reforza-o-seu-compromiso-co-campo-galego-coa-compra-de-4-250-000-quilos-de-castana-para-alimentar-os-porcos-selecta-en-2023-o-que-supon-unha-achega-de-6-600-000-euros%ef%bf%bc\/\"]}]},{\"@type\":\"ImageObject\",\"inLanguage\":\"gl-ES\",\"@id\":\"https:\/\/www.coren.es\/gl\/o-grupo-coren-reforza-o-seu-compromiso-co-campo-galego-coa-compra-de-4-250-000-quilos-de-castana-para-alimentar-os-porcos-selecta-en-2023-o-que-supon-unha-achega-de-6-600-000-euros%ef%bf%bc\/#primaryimage\",\"url\":\"https:\/\/www.coren.es\/wp-content\/uploads\/2023\/02\/Convenio_Coren-Alibos-2023_1.jpg\",\"contentUrl\":\"https:\/\/www.coren.es\/wp-content\/uploads\/2023\/02\/Convenio_Coren-Alibos-2023_1.jpg\",\"width\":1200,\"height\":800,\"caption\":\"Chocque de manos entre dos eprsonas por la compra de kilos de casta\u00f1as\"},{\"@type\":\"BreadcrumbList\",\"@id\":\"https:\/\/www.coren.es\/gl\/o-grupo-coren-reforza-o-seu-compromiso-co-campo-galego-coa-compra-de-4-250-000-quilos-de-castana-para-alimentar-os-porcos-selecta-en-2023-o-que-supon-unha-achega-de-6-600-000-euros%ef%bf%bc\/#breadcrumb\",\"itemListElement\":[{\"@type\":\"ListItem\",\"position\":1,\"name\":\"Portada\",\"item\":\"https:\/\/www.coren.es\/gl\/\"},{\"@type\":\"ListItem\",\"position\":2,\"name\":\"Noticias\",\"item\":\"https:\/\/www.coren.es\/gl\/comunicacion\/noticias-gl\/\"},{\"@type\":\"ListItem\",\"position\":3,\"name\":\"O Grupo Coren reforza o seu compromiso co campo galego coa compra de 4.250.000 quilos de casta\u00f1a para alimentar os porcos Selecta en 2023, o que sup\u00f3n unha achega de 6.600.000 euros\ufffc\"}]},{\"@type\":\"WebSite\",\"@id\":\"https:\/\/www.coren.es\/gl\/#website\",\"url\":\"https:\/\/www.coren.es\/gl\/\",\"name\":\"Coren. Alimentos y carnes de Galicia\",\"description\":\"\",\"publisher\":{\"@id\":\"https:\/\/www.coren.es\/gl\/#organization\"},\"potentialAction\":[{\"@type\":\"SearchAction\",\"target\":{\"@type\":\"EntryPoint\",\"urlTemplate\":\"https:\/\/www.coren.es\/gl\/?s={search_term_string}\"},\"query-input\":{\"@type\":\"PropertyValueSpecification\",\"valueRequired\":true,\"valueName\":\"search_term_string\"}}],\"inLanguage\":\"gl-ES\"},{\"@type\":\"Organization\",\"@id\":\"https:\/\/www.coren.es\/gl\/#organization\",\"name\":\"Coren\",\"url\":\"https:\/\/www.coren.es\/gl\/\",\"logo\":{\"@type\":\"ImageObject\",\"inLanguage\":\"gl-ES\",\"@id\":\"https:\/\/www.coren.es\/gl\/#\/schema\/logo\/image\/\",\"url\":\"https:\/\/www.coren.es\/wp-content\/uploads\/2023\/03\/cropped-logo.png\",\"contentUrl\":\"https:\/\/www.coren.es\/wp-content\/uploads\/2023\/03\/cropped-logo.png\",\"width\":131,\"height\":85,\"caption\":\"Coren\"},\"image\":{\"@id\":\"https:\/\/www.coren.es\/gl\/#\/schema\/logo\/image\/\"}},{\"@type\":\"Person\",\"@id\":\"https:\/\/www.coren.es\/gl\/#\/schema\/person\/83a0c8e94a958130f55842cf41aa01d0\",\"name\":\"Ledicia Gil\",\"image\":{\"@type\":\"ImageObject\",\"inLanguage\":\"gl-ES\",\"@id\":\"https:\/\/www.coren.es\/gl\/#\/schema\/person\/image\/\",\"url\":\"https:\/\/secure.gravatar.com\/avatar\/3375888af6231681b7418479cd77bd0927482745ea2ab409df4089ccdd472e9f?s=96&d=mm&r=g\",\"contentUrl\":\"https:\/\/secure.gravatar.com\/avatar\/3375888af6231681b7418479cd77bd0927482745ea2ab409df4089ccdd472e9f?s=96&d=mm&r=g\",\"caption\":\"Ledicia Gil\"}}]}<\/script>\n<!-- \/ Yoast SEO plugin. -->","yoast_head_json":{"title":"O Grupo Coren reforza o seu compromiso co campo galego coa compra de 4.250.000 quilos de casta\u00f1a para alimentar os porcos Selecta en 2023, o que sup\u00f3n unha achega de 6.600.000 euros\ufffc - Coren","robots":{"index":"index","follow":"follow","max-snippet":"max-snippet:-1","max-image-preview":"max-image-preview:large","max-video-preview":"max-video-preview:-1"},"canonical":"https:\/\/www.coren.es\/gl\/o-grupo-coren-reforza-o-seu-compromiso-co-campo-galego-coa-compra-de-4-250-000-quilos-de-castana-para-alimentar-os-porcos-selecta-en-2023-o-que-supon-unha-achega-de-6-600-000-euros%ef%bf%bc\/","og_locale":"gl_ES","og_type":"article","og_title":"O Grupo Coren reforza o seu compromiso co campo galego coa compra de 4.250.000 quilos de casta\u00f1a para alimentar os porcos Selecta en 2023, o que sup\u00f3n unha achega de 6.600.000 euros\ufffc - Coren","og_description":"O convenio de compra foi ratificado por Manuel G\u00f3mez-Franqueira, presidente da cooperativa, con Jes\u00fas Quint\u00e1, xerente de Alib\u00f3s, a maior empresa colleitadora do sector en [&hellip;]","og_url":"https:\/\/www.coren.es\/gl\/o-grupo-coren-reforza-o-seu-compromiso-co-campo-galego-coa-compra-de-4-250-000-quilos-de-castana-para-alimentar-os-porcos-selecta-en-2023-o-que-supon-unha-achega-de-6-600-000-euros%ef%bf%bc\/","og_site_name":"Coren","article_published_time":"2023-02-07T08:55:00+00:00","article_modified_time":"2023-02-15T09:05:50+00:00","og_image":[{"width":1200,"height":800,"url":"https:\/\/www.coren.es\/wp-content\/uploads\/2023\/02\/Convenio_Coren-Alibos-2023_1.jpg","type":"image\/jpeg"}],"author":"Ledicia Gil","twitter_card":"summary_large_image","twitter_misc":{"Escrito por":"Ledicia Gil","Tempo de lectura":"3 minutos"},"schema":{"@context":"https:\/\/schema.org","@graph":[{"@type":"Article","@id":"https:\/\/www.coren.es\/gl\/o-grupo-coren-reforza-o-seu-compromiso-co-campo-galego-coa-compra-de-4-250-000-quilos-de-castana-para-alimentar-os-porcos-selecta-en-2023-o-que-supon-unha-achega-de-6-600-000-euros%ef%bf%bc\/#article","isPartOf":{"@id":"https:\/\/www.coren.es\/gl\/o-grupo-coren-reforza-o-seu-compromiso-co-campo-galego-coa-compra-de-4-250-000-quilos-de-castana-para-alimentar-os-porcos-selecta-en-2023-o-que-supon-unha-achega-de-6-600-000-euros%ef%bf%bc\/"},"author":{"name":"Ledicia Gil","@id":"https:\/\/www.coren.es\/gl\/#\/schema\/person\/83a0c8e94a958130f55842cf41aa01d0"},"headline":"O Grupo Coren reforza o seu compromiso co campo galego coa compra de 4.250.000 quilos de casta\u00f1a para alimentar os porcos Selecta en 2023, o que sup\u00f3n unha achega de 6.600.000 euros\ufffc","datePublished":"2023-02-07T08:55:00+00:00","dateModified":"2023-02-15T09:05:50+00:00","mainEntityOfPage":{"@id":"https:\/\/www.coren.es\/gl\/o-grupo-coren-reforza-o-seu-compromiso-co-campo-galego-coa-compra-de-4-250-000-quilos-de-castana-para-alimentar-os-porcos-selecta-en-2023-o-que-supon-unha-achega-de-6-600-000-euros%ef%bf%bc\/"},"wordCount":654,"commentCount":0,"publisher":{"@id":"https:\/\/www.coren.es\/gl\/#organization"},"image":{"@id":"https:\/\/www.coren.es\/gl\/o-grupo-coren-reforza-o-seu-compromiso-co-campo-galego-coa-compra-de-4-250-000-quilos-de-castana-para-alimentar-os-porcos-selecta-en-2023-o-que-supon-unha-achega-de-6-600-000-euros%ef%bf%bc\/#primaryimage"},"thumbnailUrl":"https:\/\/www.coren.es\/wp-content\/uploads\/2023\/02\/Convenio_Coren-Alibos-2023_1.jpg","articleSection":["Noticias"],"inLanguage":"gl-ES","potentialAction":[{"@type":"CommentAction","name":"Comment","target":["https:\/\/www.coren.es\/gl\/o-grupo-coren-reforza-o-seu-compromiso-co-campo-galego-coa-compra-de-4-250-000-quilos-de-castana-para-alimentar-os-porcos-selecta-en-2023-o-que-supon-unha-achega-de-6-600-000-euros%ef%bf%bc\/#respond"]}]},{"@type":"WebPage","@id":"https:\/\/www.coren.es\/gl\/o-grupo-coren-reforza-o-seu-compromiso-co-campo-galego-coa-compra-de-4-250-000-quilos-de-castana-para-alimentar-os-porcos-selecta-en-2023-o-que-supon-unha-achega-de-6-600-000-euros%ef%bf%bc\/","url":"https:\/\/www.coren.es\/gl\/o-grupo-coren-reforza-o-seu-compromiso-co-campo-galego-coa-compra-de-4-250-000-quilos-de-castana-para-alimentar-os-porcos-selecta-en-2023-o-que-supon-unha-achega-de-6-600-000-euros%ef%bf%bc\/","name":"O Grupo Coren reforza o seu compromiso co campo galego coa compra de 4.250.000 quilos de casta\u00f1a para alimentar os porcos Selecta en 2023, o que sup\u00f3n unha achega de 6.600.000 euros\ufffc - Coren","isPartOf":{"@id":"https:\/\/www.coren.es\/gl\/#website"},"primaryImageOfPage":{"@id":"https:\/\/www.coren.es\/gl\/o-grupo-coren-reforza-o-seu-compromiso-co-campo-galego-coa-compra-de-4-250-000-quilos-de-castana-para-alimentar-os-porcos-selecta-en-2023-o-que-supon-unha-achega-de-6-600-000-euros%ef%bf%bc\/#primaryimage"},"image":{"@id":"https:\/\/www.coren.es\/gl\/o-grupo-coren-reforza-o-seu-compromiso-co-campo-galego-coa-compra-de-4-250-000-quilos-de-castana-para-alimentar-os-porcos-selecta-en-2023-o-que-supon-unha-achega-de-6-600-000-euros%ef%bf%bc\/#primaryimage"},"thumbnailUrl":"https:\/\/www.coren.es\/wp-content\/uploads\/2023\/02\/Convenio_Coren-Alibos-2023_1.jpg","datePublished":"2023-02-07T08:55:00+00:00","dateModified":"2023-02-15T09:05:50+00:00","breadcrumb":{"@id":"https:\/\/www.coren.es\/gl\/o-grupo-coren-reforza-o-seu-compromiso-co-campo-galego-coa-compra-de-4-250-000-quilos-de-castana-para-alimentar-os-porcos-selecta-en-2023-o-que-supon-unha-achega-de-6-600-000-euros%ef%bf%bc\/#breadcrumb"},"inLanguage":"gl-ES","potentialAction":[{"@type":"ReadAction","target":["https:\/\/www.coren.es\/gl\/o-grupo-coren-reforza-o-seu-compromiso-co-campo-galego-coa-compra-de-4-250-000-quilos-de-castana-para-alimentar-os-porcos-selecta-en-2023-o-que-supon-unha-achega-de-6-600-000-euros%ef%bf%bc\/"]}]},{"@type":"ImageObject","inLanguage":"gl-ES","@id":"https:\/\/www.coren.es\/gl\/o-grupo-coren-reforza-o-seu-compromiso-co-campo-galego-coa-compra-de-4-250-000-quilos-de-castana-para-alimentar-os-porcos-selecta-en-2023-o-que-supon-unha-achega-de-6-600-000-euros%ef%bf%bc\/#primaryimage","url":"https:\/\/www.coren.es\/wp-content\/uploads\/2023\/02\/Convenio_Coren-Alibos-2023_1.jpg","contentUrl":"https:\/\/www.coren.es\/wp-content\/uploads\/2023\/02\/Convenio_Coren-Alibos-2023_1.jpg","width":1200,"height":800,"caption":"Chocque de manos entre dos eprsonas por la compra de kilos de casta\u00f1as"},{"@type":"BreadcrumbList","@id":"https:\/\/www.coren.es\/gl\/o-grupo-coren-reforza-o-seu-compromiso-co-campo-galego-coa-compra-de-4-250-000-quilos-de-castana-para-alimentar-os-porcos-selecta-en-2023-o-que-supon-unha-achega-de-6-600-000-euros%ef%bf%bc\/#breadcrumb","itemListElement":[{"@type":"ListItem","position":1,"name":"Portada","item":"https:\/\/www.coren.es\/gl\/"},{"@type":"ListItem","position":2,"name":"Noticias","item":"https:\/\/www.coren.es\/gl\/comunicacion\/noticias-gl\/"},{"@type":"ListItem","position":3,"name":"O Grupo Coren reforza o seu compromiso co campo galego coa compra de 4.250.000 quilos de casta\u00f1a para alimentar os porcos Selecta en 2023, o que sup\u00f3n unha achega de 6.600.000 euros\ufffc"}]},{"@type":"WebSite","@id":"https:\/\/www.coren.es\/gl\/#website","url":"https:\/\/www.coren.es\/gl\/","name":"Coren. Alimentos y carnes de Galicia","description":"","publisher":{"@id":"https:\/\/www.coren.es\/gl\/#organization"},"potentialAction":[{"@type":"SearchAction","target":{"@type":"EntryPoint","urlTemplate":"https:\/\/www.coren.es\/gl\/?s={search_term_string}"},"query-input":{"@type":"PropertyValueSpecification","valueRequired":true,"valueName":"search_term_string"}}],"inLanguage":"gl-ES"},{"@type":"Organization","@id":"https:\/\/www.coren.es\/gl\/#organization","name":"Coren","url":"https:\/\/www.coren.es\/gl\/","logo":{"@type":"ImageObject","inLanguage":"gl-ES","@id":"https:\/\/www.coren.es\/gl\/#\/schema\/logo\/image\/","url":"https:\/\/www.coren.es\/wp-content\/uploads\/2023\/03\/cropped-logo.png","contentUrl":"https:\/\/www.coren.es\/wp-content\/uploads\/2023\/03\/cropped-logo.png","width":131,"height":85,"caption":"Coren"},"image":{"@id":"https:\/\/www.coren.es\/gl\/#\/schema\/logo\/image\/"}},{"@type":"Person","@id":"https:\/\/www.coren.es\/gl\/#\/schema\/person\/83a0c8e94a958130f55842cf41aa01d0","name":"Ledicia Gil","image":{"@type":"ImageObject","inLanguage":"gl-ES","@id":"https:\/\/www.coren.es\/gl\/#\/schema\/person\/image\/","url":"https:\/\/secure.gravatar.com\/avatar\/3375888af6231681b7418479cd77bd0927482745ea2ab409df4089ccdd472e9f?s=96&d=mm&r=g","contentUrl":"https:\/\/secure.gravatar.com\/avatar\/3375888af6231681b7418479cd77bd0927482745ea2ab409df4089ccdd472e9f?s=96&d=mm&r=g","caption":"Ledicia Gil"}}]}},"_links":{"self":[{"href":"https:\/\/www.coren.es\/gl\/wp-json\/wp\/v2\/posts\/12295","targetHints":{"allow":["GET"]}}],"collection":[{"href":"https:\/\/www.coren.es\/gl\/wp-json\/wp\/v2\/posts"}],"about":[{"href":"https:\/\/www.coren.es\/gl\/wp-json\/wp\/v2\/types\/post"}],"author":[{"embeddable":true,"href":"https:\/\/www.coren.es\/gl\/wp-json\/wp\/v2\/users\/2"}],"replies":[{"embeddable":true,"href":"https:\/\/www.coren.es\/gl\/wp-json\/wp\/v2\/comments?post=12295"}],"version-history":[{"count":1,"href":"https:\/\/www.coren.es\/gl\/wp-json\/wp\/v2\/posts\/12295\/revisions"}],"predecessor-version":[{"id":12296,"href":"https:\/\/www.coren.es\/gl\/wp-json\/wp\/v2\/posts\/12295\/revisions\/12296"}],"wp:featuredmedia":[{"embeddable":true,"href":"https:\/\/www.coren.es\/gl\/wp-json\/wp\/v2\/media\/12156"}],"wp:attachment":[{"href":"https:\/\/www.coren.es\/gl\/wp-json\/wp\/v2\/media?parent=12295"}],"wp:term":[{"taxonomy":"category","embeddable":true,"href":"https:\/\/www.coren.es\/gl\/wp-json\/wp\/v2\/categories?post=12295"},{"taxonomy":"post_tag","embeddable":true,"href":"https:\/\/www.coren.es\/gl\/wp-json\/wp\/v2\/tags?post=12295"}],"curies":[{"name":"wp","href":"https:\/\/api.w.org\/{rel}","templated":true}]}}